{"id":601,"date":"2022-06-21T13:20:53","date_gmt":"2022-06-21T11:20:53","guid":{"rendered":"https:\/\/beratung.vamtam.com\/?p=601"},"modified":"2025-12-09T14:24:26","modified_gmt":"2025-12-09T13:24:26","slug":"french-tech-italy-punta-sulla-collaborazione-franco-italiana-per-un-futuro-sostenibile","status":"publish","type":"post","link":"https:\/\/lafrenchtechitaly.com\/it\/la-french-tech-italy-mise-sur-la-collaboration-franco-italienne-pour-un-futur-durable\/","title":{"rendered":"La French Tech Italy punta sulla collaborazione franco-italiana per un futuro sostenibile"},"content":{"rendered":"<div data-elementor-type=\"wp-post\" data-elementor-id=\"601\" class=\"elementor elementor-601\" data-elementor-post-type=\"post\">\n\t\t\t\t\t\t<section class=\"elementor-section elementor-top-section elementor-element elementor-element-33faad2 elementor-section-boxed elementor-section-height-default elementor-section-height-default\" data-id=\"33faad2\" data-element_type=\"section\" data-e-type=\"section\">\n\t\t\t\t\t\t<div class=\"elementor-container elementor-column-gap-no\">\n\t\t\t\t\t<div class=\"elementor-column elementor-col-100 elementor-top-column elementor-element elementor-element-4bc14c7\" data-id=\"4bc14c7\" data-element_type=\"column\" data-e-type=\"column\">\n\t\t\t<div class=\"elementor-widget-wrap elementor-element-populated\">\n\t\t\t\t\t\t<div class=\"vamtam-has-theme-widget-styles elementor-element elementor-element-b017679 elementor-widget elementor-widget-text-editor\" data-id=\"b017679\" data-element_type=\"widget\" data-e-type=\"widget\" data-widget_type=\"text-editor.default\">\n\t\t\t\t<div class=\"elementor-widget-container\">\n\t\t\t\t\t\t\t\t\t<p>La French Tech Italy ha organizzato, il <strong>5 luglio 2022<\/strong>, al <strong>Museo Nazionale della Scienza e della Tecnologia Leonardo da Vinci<\/strong>, un incontro dedicato al tema <strong>\u201cFrench &amp; Italian Tech: Italia e Francia unite per un futuro sostenibile\u201d<\/strong>.<br \/>Al centro degli scambi: la <strong>Greentech<\/strong>, la <strong>sostenibilit\u00e0<\/strong>, e le leve d\u2019innovazione che permettono di accelerare la transizione ecologica in Europa.<\/p><p>Mentre gli obiettivi europei di neutralit\u00e0 carbonica richiedono trasformazioni profonde in tutti i settori economici, la Green Tech si impone come uno dei motori essenziali di una crescita sostenibile. Questa conferenza ha riunito l\u2019ecosistema delle startup francesi e italiane per favorire le sinergie, condividere le best practice e rafforzare i legami tra i due Paesi.<\/p>\t\t\t\t\t\t\t\t<\/div>\n\t\t\t\t<\/div>\n\t\t\t\t<div class=\"elementor-element elementor-element-cbbbe9f elementor-widget elementor-widget-image\" data-id=\"cbbbe9f\" data-element_type=\"widget\" data-e-type=\"widget\" data-widget_type=\"image.default\">\n\t\t\t\t<div class=\"elementor-widget-container\">\n\t\t\t\t\t\t\t\t\t\t\t\t\t\t\t<img fetchpriority=\"high\" decoding=\"async\" width=\"1531\" height=\"1069\" src=\"https:\/\/lafrenchtechitaly.com\/wp-content\/uploads\/2022\/06\/1657038774104.jpg\" class=\"attachment-2048x2048 size-2048x2048 wp-image-988296\" alt=\"\" srcset=\"https:\/\/lafrenchtechitaly.com\/wp-content\/uploads\/2022\/06\/1657038774104.jpg 1531w, https:\/\/lafrenchtechitaly.com\/wp-content\/uploads\/2022\/06\/1657038774104-300x209.jpg 300w, https:\/\/lafrenchtechitaly.com\/wp-content\/uploads\/2022\/06\/1657038774104-1024x715.jpg 1024w, https:\/\/lafrenchtechitaly.com\/wp-content\/uploads\/2022\/06\/1657038774104-768x536.jpg 768w\" sizes=\"(max-width: 1531px) 100vw, 1531px\" \/>\t\t\t\t\t\t\t\t\t\t\t\t\t\t\t<\/div>\n\t\t\t\t<\/div>\n\t\t\t\t<div class=\"elementor-element elementor-element-221bd1b elementor-widget elementor-widget-heading\" data-id=\"221bd1b\" data-element_type=\"widget\" data-e-type=\"widget\" data-widget_type=\"heading.default\">\n\t\t\t\t<div class=\"elementor-widget-container\">\n\t\t\t\t\t<h3 class=\"elementor-heading-title elementor-size-default\">Una visione comune: l\u2019innovazione al servizio della sostenibilit\u00e0.<\/h3>\t\t\t\t<\/div>\n\t\t\t\t<\/div>\n\t\t\t\t<div class=\"vamtam-has-theme-widget-styles elementor-element elementor-element-1542f30 elementor-widget elementor-widget-text-editor\" data-id=\"1542f30\" data-element_type=\"widget\" data-e-type=\"widget\" data-widget_type=\"text-editor.default\">\n\t\t\t\t<div class=\"elementor-widget-container\">\n\t\t\t\t\t\t\t\t\t<p>In apertura delle tavole rotonde, <strong>Paola Trecarichi<\/strong>, la Presidente della French Tech Milan, ha ricordato una convinzione forte:<br \/><strong>\u00ab Non pu\u00f2 esserci innovazione senza attenzione per l\u2019ambiente \u00bb.<\/strong><\/p><p>Per oltre tre ore, esperti, imprenditori e rappresentanti istituzionali hanno discusso diversi temi fondamentali:<\/p><ul><li><strong>Greentech ed efficienza energetica<\/strong><\/li><li><strong>Alimentazione sostenibile e lotta agli sprechi<\/strong><\/li><li><strong>Sostenibilit\u00e0 digitale e innovazione responsabile<\/strong><\/li><\/ul><p>Queste tematiche riflettono la direzione intrapresa dall\u2019Europa per sostenere modelli economici in linea con l\u2019urgenza climatica.<\/p>\t\t\t\t\t\t\t\t<\/div>\n\t\t\t\t<\/div>\n\t\t\t\t<div class=\"elementor-element elementor-element-db04fa0 elementor-widget elementor-widget-heading\" data-id=\"db04fa0\" data-element_type=\"widget\" data-e-type=\"widget\" data-widget_type=\"heading.default\">\n\t\t\t\t<div class=\"elementor-widget-container\">\n\t\t\t\t\t<h3 class=\"elementor-heading-title elementor-size-default\">Francia\u2013Italia: due ecosistemi complementari al servizio della transizione verde<\/h3>\t\t\t\t<\/div>\n\t\t\t\t<\/div>\n\t\t\t\t<div class=\"elementor-element elementor-element-67f6879 elementor-widget elementor-widget-image\" data-id=\"67f6879\" data-element_type=\"widget\" data-e-type=\"widget\" data-widget_type=\"image.default\">\n\t\t\t\t<div class=\"elementor-widget-container\">\n\t\t\t\t\t\t\t\t\t\t\t\t\t\t\t<img decoding=\"async\" width=\"1536\" height=\"918\" src=\"https:\/\/lafrenchtechitaly.com\/wp-content\/uploads\/2022\/06\/1657038775049.jpg\" class=\"attachment-2048x2048 size-2048x2048 wp-image-988297\" alt=\"\" srcset=\"https:\/\/lafrenchtechitaly.com\/wp-content\/uploads\/2022\/06\/1657038775049.jpg 1536w, https:\/\/lafrenchtechitaly.com\/wp-content\/uploads\/2022\/06\/1657038775049-300x179.jpg 300w, https:\/\/lafrenchtechitaly.com\/wp-content\/uploads\/2022\/06\/1657038775049-1024x612.jpg 1024w, https:\/\/lafrenchtechitaly.com\/wp-content\/uploads\/2022\/06\/1657038775049-768x459.jpg 768w\" sizes=\"(max-width: 1536px) 100vw, 1536px\" \/>\t\t\t\t\t\t\t\t\t\t\t\t\t\t\t<\/div>\n\t\t\t\t<\/div>\n\t\t\t\t<div class=\"vamtam-has-theme-widget-styles elementor-element elementor-element-bc0c3d5 elementor-widget elementor-widget-text-editor\" data-id=\"bc0c3d5\" data-element_type=\"widget\" data-e-type=\"widget\" data-widget_type=\"text-editor.default\">\n\t\t\t\t<div class=\"elementor-widget-container\">\n\t\t\t\t\t\t\t\t\t<p>Il rapporto economico tra Francia e Italia si basa oggi su un ecosistema dinamico composto da <strong>35 000 startup innovanti<\/strong>, con punti di forza distinti ma complementari.<\/p><p><strong>L\u2019ecosistema tech italiano: una dinamica in forte accelerazione<\/strong><\/p><ul><li>Pi\u00f9 di <strong>14 000 startup innovanti<\/strong><\/li><li>75% attive nel digitale, 16% nell\u2019industria manifatturiera<\/li><li>Pi\u00f9 di <strong>1,25 miliardi di euro investiti nel 2021<\/strong> \u2014 un record nationale<\/li><\/ul><p>Questi dati confermano il dinamismo crescente del mercato italiano, in particolare nei settori della digitalizzazione, della robotica e dell\u2019economia circolare.<\/p><p><strong>La French Tech: un protagonista di primo piano sulla scena mondiale<\/strong><\/p><ul><li>Pi\u00f9 di <strong>20.000 startup francesi<\/strong><\/li><li><strong>5.000 business angel<\/strong><\/li><li><strong>21 unicorni<\/strong>, di cui 11 create nel 2021<\/li><li><strong>11,7 miliardi di euro raccolti nel 2021<\/strong> (+100% in un anno)<\/li><\/ul><p>Le startup francesi si distinguono in particolare nei settori del digitale, dei pagamenti, della moda, dell\u2019e-commerce e dell\u2019immobiliare. Questa crescita eccezionale si inserisce nell\u2019obiettivo nazionale di raggiungere <strong>100 unicorni entro il 2032<\/strong>.<\/p><p><strong>Politiche pubbliche strutturanti<\/strong><\/p><p>La differenza negli investimenti tra i due Paesi si spiega in parte con il ruolo trainante delle politiche governative francesi nel finanziamento e nella strutturazione dell\u2019ecosistema delle startup.<\/p><p><strong>L\u2019Italia, un leader dell\u2019economia circolare<\/strong><\/p><p>Nonostante queste differenze, l\u2019Italia attira fortemente l\u2019attenzione della Francia sulle questioni di Green Tech.<br \/>Le pays est l\u2019un des leaders europ\u00e9ens de l\u2019\u00e9conomie circulaire, avec <strong>oltre il 79% dei suoi rifiuti riciclati<\/strong>, un indicatore chiave per la transizione sostenibile.<\/p><p><strong>La French Tech Milan: un ponte strategico tra i due Paesi<\/strong><\/p><p>Fondata nel <strong>2016<\/strong>, la French Tech Milan fa parte delle prime comunit\u00e0 French Tech internazionali. Oggi, l\u2019ecosistema French Tech in Italia riunisce:<\/p><ul><li><strong>quasi 100 startup francesi con sede in Italia<\/strong>,<\/li><li>attori di primo piano nei settori FinTech, AgriTech, RetailTech, HealthTech, CleanTech,<\/li><li>e l\u2019insieme dei partner pubblici e privati coinvolti nell\u2019innovazione tra i due Paesi.<\/li><\/ul><p>La missione della comunit\u00e0 \u00e8 chiara:<br \/><strong>promuovere la French Tech in Italia, rafforzare gli scambi tra gli ecosistemi e contribuire all\u2019emergere di soluzioni tecnologiche sostenibili.<\/strong><\/p><p><strong>Un impegno rafforzato dal Trattato del Quirinale<\/strong><\/p><p>Dalla firma del Trattato del Quirinale tra Francia e Italia il <strong>26 novembre 2021<\/strong>, la cooperazione bilaterale attorno al digitale e allo sviluppo sostenibile si \u00e8 ulteriormente intensificata.<br \/>I due Paesi si impegnano insieme nella co-costruzione di un <strong>futuro piu verde<\/strong>, pi\u00f9 digitale e pi\u00f9 resiliente.<\/p><p><strong>Un evento che conferma il ruolo della French Tech Milan<\/strong><\/p><p>Con questo evento dedicato alla <strong>Greentech e alla sostenibilit\u00e0<\/strong>, la French Tech Milan riafferma il suo ruolo di acceleratore di sinergie franco-italiane e di promotore di un\u2019innovazione responsabile.<br \/>La transizione ecologica, la digitalizzazione e l\u2019economia circolare sono al centro delle sfide europee, e la collaborazione tra Francia e Italia rappresenta un fattore essenziale per costruire il futuro.<\/p>\t\t\t\t\t\t\t\t<\/div>\n\t\t\t\t<\/div>\n\t\t\t\t\t<\/div>\n\t\t<\/div>\n\t\t\t\t\t<\/div>\n\t\t<\/section>\n\t\t\t\t<\/div>","protected":false},"excerpt":{"rendered":"<p>La French Tech Italy punta sulla collaborazione franco-italiana per un futuro sostenibile...<\/p>","protected":false},"author":1,"featured_media":988286,"comment_status":"open","ping_status":"open","sticky":false,"template":"","format":"standard","meta":{"footnotes":""},"categories":[65],"tags":[],"class_list":["post-601","post","type-post","status-publish","format-standard","has-post-thumbnail","hentry","category-evenements"],"yoast_head":"<!-- This site is optimized with the Yoast SEO plugin v27.4 - https:\/\/yoast.com\/product\/yoast-seo-wordpress\/ -->\n<title>Collaboration franco-italienne pour un futur durable | French Tech Italy<\/title>\n<meta name=\"description\" content=\"French Tech Italy renforce la coop\u00e9ration franco-italienne autour de l\u2019innovation durable, de la greentech et d\u2019un \u00e9cosyst\u00e8me tech responsable. D\u00e9couvrir l\u2019article.\" \/>\n<meta name=\"robots\" content=\"index, follow, max-snippet:-1, max-image-preview:large, max-video-preview:-1\" \/>\n<link rel=\"canonical\" href=\"https:\/\/lafrenchtechitaly.com\/it\/french-tech-italy-punta-sulla-collaborazione-franco-italiana-per-un-futuro-sostenibile\/\" \/>\n<meta property=\"og:locale\" content=\"it_IT\" \/>\n<meta property=\"og:type\" content=\"article\" \/>\n<meta property=\"og:title\" content=\"Collaboration franco-italienne pour un futur durable | French Tech Italy\" \/>\n<meta property=\"og:description\" content=\"French Tech Italy renforce la coop\u00e9ration franco-italienne autour de l\u2019innovation durable, de la greentech et d\u2019un \u00e9cosyst\u00e8me tech responsable. D\u00e9couvrir l\u2019article.\" \/>\n<meta property=\"og:url\" content=\"https:\/\/lafrenchtechitaly.com\/it\/french-tech-italy-punta-sulla-collaborazione-franco-italiana-per-un-futuro-sostenibile\/\" \/>\n<meta property=\"og:site_name\" content=\"La French Tech Italy\" \/>\n<meta property=\"article:published_time\" content=\"2022-06-21T11:20:53+00:00\" \/>\n<meta property=\"article:modified_time\" content=\"2025-12-09T13:24:26+00:00\" \/>\n<meta property=\"og:image\" content=\"https:\/\/lafrenchtechitaly.com\/wp-content\/uploads\/2022\/06\/French_Tech_Italy_Event_4.jpg\" \/>\n\t<meta property=\"og:image:width\" content=\"1500\" \/>\n\t<meta property=\"og:image:height\" content=\"926\" \/>\n\t<meta property=\"og:image:type\" content=\"image\/jpeg\" \/>\n<meta name=\"author\" content=\"La French Tech Italy\" \/>\n<meta name=\"twitter:card\" content=\"summary_large_image\" \/>\n<meta name=\"twitter:label1\" content=\"Scritto da\" \/>\n\t<meta name=\"twitter:data1\" content=\"La French Tech Italy\" \/>\n\t<meta name=\"twitter:label2\" content=\"Tempo di lettura stimato\" \/>\n\t<meta name=\"twitter:data2\" content=\"4 minuti\" \/>\n<script type=\"application\/ld+json\" class=\"yoast-schema-graph\">{\"@context\":\"https:\\\/\\\/schema.org\",\"@graph\":[{\"@type\":\"Article\",\"@id\":\"https:\\\/\\\/lafrenchtechitaly.com\\\/la-french-tech-italy-mise-sur-la-collaboration-franco-italienne-pour-un-futur-durable\\\/#article\",\"isPartOf\":{\"@id\":\"https:\\\/\\\/lafrenchtechitaly.com\\\/la-french-tech-italy-mise-sur-la-collaboration-franco-italienne-pour-un-futur-durable\\\/\"},\"author\":{\"name\":\"La French Tech Italy\",\"@id\":\"https:\\\/\\\/lafrenchtechitaly.com\\\/#\\\/schema\\\/person\\\/a6a98e7896abbfea32899e1d70b4a54e\"},\"headline\":\"La French Tech Italy mise sur la collaboration franco-italienne pour un futur durable\",\"datePublished\":\"2022-06-21T11:20:53+00:00\",\"dateModified\":\"2025-12-09T13:24:26+00:00\",\"mainEntityOfPage\":{\"@id\":\"https:\\\/\\\/lafrenchtechitaly.com\\\/la-french-tech-italy-mise-sur-la-collaboration-franco-italienne-pour-un-futur-durable\\\/\"},\"wordCount\":759,\"commentCount\":1,\"publisher\":{\"@id\":\"https:\\\/\\\/lafrenchtechitaly.com\\\/#organization\"},\"image\":{\"@id\":\"https:\\\/\\\/lafrenchtechitaly.com\\\/la-french-tech-italy-mise-sur-la-collaboration-franco-italienne-pour-un-futur-durable\\\/#primaryimage\"},\"thumbnailUrl\":\"https:\\\/\\\/lafrenchtechitaly.com\\\/wp-content\\\/uploads\\\/2022\\\/06\\\/French_Tech_Italy_Event_4.jpg\",\"articleSection\":[\"\u00c9v\u00e8nements\"],\"inLanguage\":\"it-IT\",\"potentialAction\":[{\"@type\":\"CommentAction\",\"name\":\"Comment\",\"target\":[\"https:\\\/\\\/lafrenchtechitaly.com\\\/la-french-tech-italy-mise-sur-la-collaboration-franco-italienne-pour-un-futur-durable\\\/#respond\"]}]},{\"@type\":\"WebPage\",\"@id\":\"https:\\\/\\\/lafrenchtechitaly.com\\\/la-french-tech-italy-mise-sur-la-collaboration-franco-italienne-pour-un-futur-durable\\\/\",\"url\":\"https:\\\/\\\/lafrenchtechitaly.com\\\/la-french-tech-italy-mise-sur-la-collaboration-franco-italienne-pour-un-futur-durable\\\/\",\"name\":\"Collaboration franco-italienne pour un futur durable | French Tech Italy\",\"isPartOf\":{\"@id\":\"https:\\\/\\\/lafrenchtechitaly.com\\\/#website\"},\"primaryImageOfPage\":{\"@id\":\"https:\\\/\\\/lafrenchtechitaly.com\\\/la-french-tech-italy-mise-sur-la-collaboration-franco-italienne-pour-un-futur-durable\\\/#primaryimage\"},\"image\":{\"@id\":\"https:\\\/\\\/lafrenchtechitaly.com\\\/la-french-tech-italy-mise-sur-la-collaboration-franco-italienne-pour-un-futur-durable\\\/#primaryimage\"},\"thumbnailUrl\":\"https:\\\/\\\/lafrenchtechitaly.com\\\/wp-content\\\/uploads\\\/2022\\\/06\\\/French_Tech_Italy_Event_4.jpg\",\"datePublished\":\"2022-06-21T11:20:53+00:00\",\"dateModified\":\"2025-12-09T13:24:26+00:00\",\"description\":\"French Tech Italy renforce la coop\u00e9ration franco-italienne autour de l\u2019innovation durable, de la greentech et d\u2019un \u00e9cosyst\u00e8me tech responsable. D\u00e9couvrir l\u2019article.\",\"breadcrumb\":{\"@id\":\"https:\\\/\\\/lafrenchtechitaly.com\\\/la-french-tech-italy-mise-sur-la-collaboration-franco-italienne-pour-un-futur-durable\\\/#breadcrumb\"},\"inLanguage\":\"it-IT\",\"potentialAction\":[{\"@type\":\"ReadAction\",\"target\":[\"https:\\\/\\\/lafrenchtechitaly.com\\\/la-french-tech-italy-mise-sur-la-collaboration-franco-italienne-pour-un-futur-durable\\\/\"]}]},{\"@type\":\"ImageObject\",\"inLanguage\":\"it-IT\",\"@id\":\"https:\\\/\\\/lafrenchtechitaly.com\\\/la-french-tech-italy-mise-sur-la-collaboration-franco-italienne-pour-un-futur-durable\\\/#primaryimage\",\"url\":\"https:\\\/\\\/lafrenchtechitaly.com\\\/wp-content\\\/uploads\\\/2022\\\/06\\\/French_Tech_Italy_Event_4.jpg\",\"contentUrl\":\"https:\\\/\\\/lafrenchtechitaly.com\\\/wp-content\\\/uploads\\\/2022\\\/06\\\/French_Tech_Italy_Event_4.jpg\",\"width\":1500,\"height\":926},{\"@type\":\"BreadcrumbList\",\"@id\":\"https:\\\/\\\/lafrenchtechitaly.com\\\/la-french-tech-italy-mise-sur-la-collaboration-franco-italienne-pour-un-futur-durable\\\/#breadcrumb\",\"itemListElement\":[{\"@type\":\"ListItem\",\"position\":1,\"name\":\"Accueil\",\"item\":\"https:\\\/\\\/lafrenchtechitaly.com\\\/\"},{\"@type\":\"ListItem\",\"position\":2,\"name\":\"La French Tech Italy mise sur la collaboration franco-italienne pour un futur durable\"}]},{\"@type\":\"WebSite\",\"@id\":\"https:\\\/\\\/lafrenchtechitaly.com\\\/#website\",\"url\":\"https:\\\/\\\/lafrenchtechitaly.com\\\/\",\"name\":\"La French Tech Italy\",\"description\":\"Le r\u00e9seau tech qui unit France et Italie\",\"publisher\":{\"@id\":\"https:\\\/\\\/lafrenchtechitaly.com\\\/#organization\"},\"potentialAction\":[{\"@type\":\"SearchAction\",\"target\":{\"@type\":\"EntryPoint\",\"urlTemplate\":\"https:\\\/\\\/lafrenchtechitaly.com\\\/?s={search_term_string}\"},\"query-input\":{\"@type\":\"PropertyValueSpecification\",\"valueRequired\":true,\"valueName\":\"search_term_string\"}}],\"inLanguage\":\"it-IT\"},{\"@type\":\"Organization\",\"@id\":\"https:\\\/\\\/lafrenchtechitaly.com\\\/#organization\",\"name\":\"La French Tech Italy\",\"url\":\"https:\\\/\\\/lafrenchtechitaly.com\\\/\",\"logo\":{\"@type\":\"ImageObject\",\"inLanguage\":\"it-IT\",\"@id\":\"https:\\\/\\\/lafrenchtechitaly.com\\\/#\\\/schema\\\/logo\\\/image\\\/\",\"url\":\"https:\\\/\\\/lafrenchtechitaly.com\\\/wp-content\\\/uploads\\\/2025\\\/12\\\/LOGO_FT_1.png\",\"contentUrl\":\"https:\\\/\\\/lafrenchtechitaly.com\\\/wp-content\\\/uploads\\\/2025\\\/12\\\/LOGO_FT_1.png\",\"width\":351,\"height\":121,\"caption\":\"La French Tech Italy\"},\"image\":{\"@id\":\"https:\\\/\\\/lafrenchtechitaly.com\\\/#\\\/schema\\\/logo\\\/image\\\/\"},\"sameAs\":[\"https:\\\/\\\/www.linkedin.com\\\/company\\\/la-french-tech-italy\\\/\"]},{\"@type\":\"Person\",\"@id\":\"https:\\\/\\\/lafrenchtechitaly.com\\\/#\\\/schema\\\/person\\\/a6a98e7896abbfea32899e1d70b4a54e\",\"name\":\"La French Tech Italy\",\"image\":{\"@type\":\"ImageObject\",\"inLanguage\":\"it-IT\",\"@id\":\"https:\\\/\\\/secure.gravatar.com\\\/avatar\\\/45b0b04d00f46a783ee320d1dcabec584c03a098467fd085fd45a3aad1769f6e?s=96&d=mm&r=g\",\"url\":\"https:\\\/\\\/secure.gravatar.com\\\/avatar\\\/45b0b04d00f46a783ee320d1dcabec584c03a098467fd085fd45a3aad1769f6e?s=96&d=mm&r=g\",\"contentUrl\":\"https:\\\/\\\/secure.gravatar.com\\\/avatar\\\/45b0b04d00f46a783ee320d1dcabec584c03a098467fd085fd45a3aad1769f6e?s=96&d=mm&r=g\",\"caption\":\"La French Tech Italy\"},\"sameAs\":[\"https:\\\/\\\/lafrenchtechitaly.com\"],\"url\":\"https:\\\/\\\/lafrenchtechitaly.com\\\/it\\\/author\\\/admin2042\\\/\"}]}<\/script>\n<!-- \/ Yoast SEO plugin. -->","yoast_head_json":{"title":"Collaborazione italo-francese per un futuro sostenibile | French Tech Italia","description":"French Tech Italy rafforza la cooperazione franco-italiana per l'innovazione sostenibile, il greentech e un ecosistema tecnologico responsabile. Leggi l'articolo.","robots":{"index":"index","follow":"follow","max-snippet":"max-snippet:-1","max-image-preview":"max-image-preview:large","max-video-preview":"max-video-preview:-1"},"canonical":"https:\/\/lafrenchtechitaly.com\/it\/french-tech-italy-punta-sulla-collaborazione-franco-italiana-per-un-futuro-sostenibile\/","og_locale":"it_IT","og_type":"article","og_title":"Collaboration franco-italienne pour un futur durable | French Tech Italy","og_description":"French Tech Italy renforce la coop\u00e9ration franco-italienne autour de l\u2019innovation durable, de la greentech et d\u2019un \u00e9cosyst\u00e8me tech responsable. D\u00e9couvrir l\u2019article.","og_url":"https:\/\/lafrenchtechitaly.com\/it\/french-tech-italy-punta-sulla-collaborazione-franco-italiana-per-un-futuro-sostenibile\/","og_site_name":"La French Tech Italy","article_published_time":"2022-06-21T11:20:53+00:00","article_modified_time":"2025-12-09T13:24:26+00:00","og_image":[{"width":1500,"height":926,"url":"https:\/\/lafrenchtechitaly.com\/wp-content\/uploads\/2022\/06\/French_Tech_Italy_Event_4.jpg","type":"image\/jpeg"}],"author":"La French Tech Italy","twitter_card":"summary_large_image","twitter_misc":{"Scritto da":"La French Tech Italy","Tempo di lettura stimato":"4 minuti"},"schema":{"@context":"https:\/\/schema.org","@graph":[{"@type":"Article","@id":"https:\/\/lafrenchtechitaly.com\/la-french-tech-italy-mise-sur-la-collaboration-franco-italienne-pour-un-futur-durable\/#article","isPartOf":{"@id":"https:\/\/lafrenchtechitaly.com\/la-french-tech-italy-mise-sur-la-collaboration-franco-italienne-pour-un-futur-durable\/"},"author":{"name":"La French Tech Italy","@id":"https:\/\/lafrenchtechitaly.com\/#\/schema\/person\/a6a98e7896abbfea32899e1d70b4a54e"},"headline":"La French Tech Italy mise sur la collaboration franco-italienne pour un futur durable","datePublished":"2022-06-21T11:20:53+00:00","dateModified":"2025-12-09T13:24:26+00:00","mainEntityOfPage":{"@id":"https:\/\/lafrenchtechitaly.com\/la-french-tech-italy-mise-sur-la-collaboration-franco-italienne-pour-un-futur-durable\/"},"wordCount":759,"commentCount":1,"publisher":{"@id":"https:\/\/lafrenchtechitaly.com\/#organization"},"image":{"@id":"https:\/\/lafrenchtechitaly.com\/la-french-tech-italy-mise-sur-la-collaboration-franco-italienne-pour-un-futur-durable\/#primaryimage"},"thumbnailUrl":"https:\/\/lafrenchtechitaly.com\/wp-content\/uploads\/2022\/06\/French_Tech_Italy_Event_4.jpg","articleSection":["\u00c9v\u00e8nements"],"inLanguage":"it-IT","potentialAction":[{"@type":"CommentAction","name":"Comment","target":["https:\/\/lafrenchtechitaly.com\/la-french-tech-italy-mise-sur-la-collaboration-franco-italienne-pour-un-futur-durable\/#respond"]}]},{"@type":"WebPage","@id":"https:\/\/lafrenchtechitaly.com\/la-french-tech-italy-mise-sur-la-collaboration-franco-italienne-pour-un-futur-durable\/","url":"https:\/\/lafrenchtechitaly.com\/la-french-tech-italy-mise-sur-la-collaboration-franco-italienne-pour-un-futur-durable\/","name":"Collaborazione italo-francese per un futuro sostenibile | French Tech Italia","isPartOf":{"@id":"https:\/\/lafrenchtechitaly.com\/#website"},"primaryImageOfPage":{"@id":"https:\/\/lafrenchtechitaly.com\/la-french-tech-italy-mise-sur-la-collaboration-franco-italienne-pour-un-futur-durable\/#primaryimage"},"image":{"@id":"https:\/\/lafrenchtechitaly.com\/la-french-tech-italy-mise-sur-la-collaboration-franco-italienne-pour-un-futur-durable\/#primaryimage"},"thumbnailUrl":"https:\/\/lafrenchtechitaly.com\/wp-content\/uploads\/2022\/06\/French_Tech_Italy_Event_4.jpg","datePublished":"2022-06-21T11:20:53+00:00","dateModified":"2025-12-09T13:24:26+00:00","description":"French Tech Italy rafforza la cooperazione franco-italiana per l'innovazione sostenibile, il greentech e un ecosistema tecnologico responsabile. Leggi l'articolo.","breadcrumb":{"@id":"https:\/\/lafrenchtechitaly.com\/la-french-tech-italy-mise-sur-la-collaboration-franco-italienne-pour-un-futur-durable\/#breadcrumb"},"inLanguage":"it-IT","potentialAction":[{"@type":"ReadAction","target":["https:\/\/lafrenchtechitaly.com\/la-french-tech-italy-mise-sur-la-collaboration-franco-italienne-pour-un-futur-durable\/"]}]},{"@type":"ImageObject","inLanguage":"it-IT","@id":"https:\/\/lafrenchtechitaly.com\/la-french-tech-italy-mise-sur-la-collaboration-franco-italienne-pour-un-futur-durable\/#primaryimage","url":"https:\/\/lafrenchtechitaly.com\/wp-content\/uploads\/2022\/06\/French_Tech_Italy_Event_4.jpg","contentUrl":"https:\/\/lafrenchtechitaly.com\/wp-content\/uploads\/2022\/06\/French_Tech_Italy_Event_4.jpg","width":1500,"height":926},{"@type":"BreadcrumbList","@id":"https:\/\/lafrenchtechitaly.com\/la-french-tech-italy-mise-sur-la-collaboration-franco-italienne-pour-un-futur-durable\/#breadcrumb","itemListElement":[{"@type":"ListItem","position":1,"name":"Accueil","item":"https:\/\/lafrenchtechitaly.com\/"},{"@type":"ListItem","position":2,"name":"La French Tech Italy mise sur la collaboration franco-italienne pour un futur durable"}]},{"@type":"WebSite","@id":"https:\/\/lafrenchtechitaly.com\/#website","url":"https:\/\/lafrenchtechitaly.com\/","name":"La French Tech Italy","description":"La rete tecnologica che unisce Francia e Italia","publisher":{"@id":"https:\/\/lafrenchtechitaly.com\/#organization"},"potentialAction":[{"@type":"SearchAction","target":{"@type":"EntryPoint","urlTemplate":"https:\/\/lafrenchtechitaly.com\/?s={search_term_string}"},"query-input":{"@type":"PropertyValueSpecification","valueRequired":true,"valueName":"search_term_string"}}],"inLanguage":"it-IT"},{"@type":"Organization","@id":"https:\/\/lafrenchtechitaly.com\/#organization","name":"La French Tech Italy","url":"https:\/\/lafrenchtechitaly.com\/","logo":{"@type":"ImageObject","inLanguage":"it-IT","@id":"https:\/\/lafrenchtechitaly.com\/#\/schema\/logo\/image\/","url":"https:\/\/lafrenchtechitaly.com\/wp-content\/uploads\/2025\/12\/LOGO_FT_1.png","contentUrl":"https:\/\/lafrenchtechitaly.com\/wp-content\/uploads\/2025\/12\/LOGO_FT_1.png","width":351,"height":121,"caption":"La French Tech Italy"},"image":{"@id":"https:\/\/lafrenchtechitaly.com\/#\/schema\/logo\/image\/"},"sameAs":["https:\/\/www.linkedin.com\/company\/la-french-tech-italy\/"]},{"@type":"Person","@id":"https:\/\/lafrenchtechitaly.com\/#\/schema\/person\/a6a98e7896abbfea32899e1d70b4a54e","name":"La French Tech Italy","image":{"@type":"ImageObject","inLanguage":"it-IT","@id":"https:\/\/secure.gravatar.com\/avatar\/45b0b04d00f46a783ee320d1dcabec584c03a098467fd085fd45a3aad1769f6e?s=96&d=mm&r=g","url":"https:\/\/secure.gravatar.com\/avatar\/45b0b04d00f46a783ee320d1dcabec584c03a098467fd085fd45a3aad1769f6e?s=96&d=mm&r=g","contentUrl":"https:\/\/secure.gravatar.com\/avatar\/45b0b04d00f46a783ee320d1dcabec584c03a098467fd085fd45a3aad1769f6e?s=96&d=mm&r=g","caption":"La French Tech Italy"},"sameAs":["https:\/\/lafrenchtechitaly.com"],"url":"https:\/\/lafrenchtechitaly.com\/it\/author\/admin2042\/"}]}},"_links":{"self":[{"href":"https:\/\/lafrenchtechitaly.com\/it\/wp-json\/wp\/v2\/posts\/601","targetHints":{"allow":["GET"]}}],"collection":[{"href":"https:\/\/lafrenchtechitaly.com\/it\/wp-json\/wp\/v2\/posts"}],"about":[{"href":"https:\/\/lafrenchtechitaly.com\/it\/wp-json\/wp\/v2\/types\/post"}],"author":[{"embeddable":true,"href":"https:\/\/lafrenchtechitaly.com\/it\/wp-json\/wp\/v2\/users\/1"}],"replies":[{"embeddable":true,"href":"https:\/\/lafrenchtechitaly.com\/it\/wp-json\/wp\/v2\/comments?post=601"}],"version-history":[{"count":17,"href":"https:\/\/lafrenchtechitaly.com\/it\/wp-json\/wp\/v2\/posts\/601\/revisions"}],"predecessor-version":[{"id":988686,"href":"https:\/\/lafrenchtechitaly.com\/it\/wp-json\/wp\/v2\/posts\/601\/revisions\/988686"}],"wp:featuredmedia":[{"embeddable":true,"href":"https:\/\/lafrenchtechitaly.com\/it\/wp-json\/wp\/v2\/media\/988286"}],"wp:attachment":[{"href":"https:\/\/lafrenchtechitaly.com\/it\/wp-json\/wp\/v2\/media?parent=601"}],"wp:term":[{"taxonomy":"category","embeddable":true,"href":"https:\/\/lafrenchtechitaly.com\/it\/wp-json\/wp\/v2\/categories?post=601"},{"taxonomy":"post_tag","embeddable":true,"href":"https:\/\/lafrenchtechitaly.com\/it\/wp-json\/wp\/v2\/tags?post=601"}],"curies":[{"name":"wp","href":"https:\/\/api.w.org\/{rel}","templated":true}]}}