{"id":7023,"date":"2025-07-17T15:16:00","date_gmt":"2025-07-17T13:16:00","guid":{"rendered":"https:\/\/beratung.vamtam.com\/?p=7023"},"modified":"2025-12-09T14:21:20","modified_gmt":"2025-12-09T13:21:20","slug":"ai-fintech-whats-next-la-french-tech-italy-riunisce-i-leader-dellinnovazione-a-milano","status":"publish","type":"post","link":"https:\/\/lafrenchtechitaly.com\/it\/ai-fintech-whats-next-la-french-tech-italy-reunit-les-leaders-de-linnovation-a-milan\/","title":{"rendered":"AI &amp; Fintech: What\u2019s Next? La French Tech Italy riunisce i leader dell\u2019innovazione a Milano."},"content":{"rendered":"<div data-elementor-type=\"wp-post\" data-elementor-id=\"7023\" class=\"elementor elementor-7023\" data-elementor-post-type=\"post\">\n\t\t\t\t\t\t<section class=\"elementor-section elementor-top-section elementor-element elementor-element-1318b830 elementor-section-boxed elementor-section-height-default elementor-section-height-default\" data-id=\"1318b830\" data-element_type=\"section\" data-e-type=\"section\">\n\t\t\t\t\t\t<div class=\"elementor-container elementor-column-gap-no\">\n\t\t\t\t\t<div class=\"elementor-column elementor-col-100 elementor-top-column elementor-element elementor-element-7ca3cced\" data-id=\"7ca3cced\" data-element_type=\"column\" data-e-type=\"column\">\n\t\t\t<div class=\"elementor-widget-wrap elementor-element-populated\">\n\t\t\t\t\t\t<div class=\"vamtam-has-theme-widget-styles elementor-element elementor-element-599d3121 elementor-widget elementor-widget-text-editor\" data-id=\"599d3121\" data-element_type=\"widget\" data-e-type=\"widget\" data-widget_type=\"text-editor.default\">\n\t\t\t\t<div class=\"elementor-widget-container\">\n\t\t\t\t\t\t\t\t\t<p>Il <strong>16 giugno 2025<\/strong>, la French Tech Italy organizza a <strong>Palazzo Giureconsulti<\/strong>, nel cuore di Milano, una conferenza di rilievo dedicata al futuro<strong>dell\u2019intelligenza artificiale applicata alla fintech.<\/strong>Intitolato <strong>\u201cAI e Fintech: cosa succeder\u00e0?\u201d.\u201d<\/strong>l\u2019evento ha riunito dirigenti, esperti, imprenditori, investitori e istituzioni italiane e francesi per esplorare le trasformazioni in corso nei settori della finanza, dei dati, della sicurezza e dell\u2019innovazione sostenibile.<\/p>\t\t\t\t\t\t\t\t<\/div>\n\t\t\t\t<\/div>\n\t\t\t\t<div class=\"elementor-element elementor-element-4e0de351 elementor-widget elementor-widget-heading\" data-id=\"4e0de351\" data-element_type=\"widget\" data-e-type=\"widget\" data-widget_type=\"heading.default\">\n\t\t\t\t<div class=\"elementor-widget-container\">\n\t\t\t\t\t<h3 class=\"elementor-heading-title elementor-size-default\">Un\u2019apertura guidata dalle autorit\u00e0 franco-italiane e dai leader del settore.<\/h3>\t\t\t\t<\/div>\n\t\t\t\t<\/div>\n\t\t\t\t<div class=\"vamtam-has-theme-widget-styles elementor-element elementor-element-196e53eb elementor-widget elementor-widget-text-editor\" data-id=\"196e53eb\" data-element_type=\"widget\" data-e-type=\"widget\" data-widget_type=\"text-editor.default\">\n\t\t\t\t<div class=\"elementor-widget-container\">\n\t\t\t\t\t\t\t\t\t<p>La conferenza si \u00e8 aperta con un caff\u00e8 di benvenuto introdotto da <strong>Riccardo Porta<\/strong>CBO di Yolo Group e LinkedIn Top Voice, seguito dagli interventi istituzionali di:<\/p>\n<ul>\n<li><strong>Martin Briens<\/strong>, Ambasciatore di Francia in Italia<\/li>\n<li><strong>Paola Trecarichi<\/strong>, Vicepresidente French Tech Italy &amp; GM HiPay Italy<\/li>\n<\/ul>\n<p>Il discorso di apertura \u00e8 stato tenuto da una personalit\u00e0 di spicco dell\u2019ecosistema finanziario italiano:<\/p>\n<ul>\n<li><strong>Silvia Maria Rovere<\/strong>, Presidente di Poste Italiane<\/li>\n<\/ul>\n<p>Gli interventi hanno sottolineato l\u2019importanza strategica del dialogo tra Francia e Italia per costruire un solido quadro europeo di innovazione, in particolare nei settori dell\u2019IA, dei pagamenti, della finanza responsabile e della cybersecurity.<\/p>\t\t\t\t\t\t\t\t<\/div>\n\t\t\t\t<\/div>\n\t\t\t\t<div class=\"elementor-element elementor-element-64fe155a elementor-widget elementor-widget-image\" data-id=\"64fe155a\" data-element_type=\"widget\" data-e-type=\"widget\" data-widget_type=\"image.default\">\n\t\t\t\t<div class=\"elementor-widget-container\">\n\t\t\t\t\t\t\t\t\t\t\t\t\t\t\t<img fetchpriority=\"high\" decoding=\"async\" width=\"1500\" height=\"926\" src=\"https:\/\/lafrenchtechitaly.com\/wp-content\/uploads\/2023\/07\/French_Tech_Italy_Event_1_1.jpg\" class=\"attachment-2048x2048 size-2048x2048 wp-image-988225\" alt=\"\" srcset=\"https:\/\/lafrenchtechitaly.com\/wp-content\/uploads\/2023\/07\/French_Tech_Italy_Event_1_1.jpg 1500w, https:\/\/lafrenchtechitaly.com\/wp-content\/uploads\/2023\/07\/French_Tech_Italy_Event_1_1-300x185.jpg 300w, https:\/\/lafrenchtechitaly.com\/wp-content\/uploads\/2023\/07\/French_Tech_Italy_Event_1_1-1024x632.jpg 1024w, https:\/\/lafrenchtechitaly.com\/wp-content\/uploads\/2023\/07\/French_Tech_Italy_Event_1_1-768x474.jpg 768w\" sizes=\"(max-width: 1500px) 100vw, 1500px\" \/>\t\t\t\t\t\t\t\t\t\t\t\t\t\t\t<\/div>\n\t\t\t\t<\/div>\n\t\t\t\t<div class=\"elementor-element elementor-element-7ad075a0 elementor-widget elementor-widget-heading\" data-id=\"7ad075a0\" data-element_type=\"widget\" data-e-type=\"widget\" data-widget_type=\"heading.default\">\n\t\t\t\t<div class=\"elementor-widget-container\">\n\t\t\t\t\t<h3 class=\"elementor-heading-title elementor-size-default\">Il mercato Fintech italiano: prospettive istituzionali e innovazione.<\/h3>\t\t\t\t<\/div>\n\t\t\t\t<\/div>\n\t\t\t\t<div class=\"vamtam-has-theme-widget-styles elementor-element elementor-element-1c229233 elementor-widget elementor-widget-text-editor\" data-id=\"1c229233\" data-element_type=\"widget\" data-e-type=\"widget\" data-widget_type=\"text-editor.default\">\n\t\t\t\t<div class=\"elementor-widget-container\">\n\t\t\t\t\t\t\t\t\t<p><strong>La perizia dei facilitatori di innovazione della Banca d'Italia.<\/strong><\/p>\n<p>La prima sessione tematica \u00e8 stata guidata da:<\/p>\n<ul>\n<li><strong>Paola Giucca<\/strong>, Responsabile dei servizi e strumenti di pagamento al dettaglio \u2013 Banca d\u2019Italia<\/li>\n<\/ul>\n<p>Ha offerto una panoramica dettagliata del <strong>mercato fintech in Italia<\/strong>, analizzandone le iniziative di innovazione istituzionale. Il ruolo dei facilitatori della Banca d\u2019Italia, l\u2019evoluzione dei metodi di pagamento e l\u2019adozione crescente di soluzioni IA sono stati al centro della sua analisi.<\/p>\t\t\t\t\t\t\t\t<\/div>\n\t\t\t\t<\/div>\n\t\t\t\t<div class=\"elementor-element elementor-element-3cb3be75 elementor-blockquote--skin-clean elementor-blockquote--align-center elementor-widget-mobile__width-inherit elementor-widget elementor-widget-blockquote\" data-id=\"3cb3be75\" data-element_type=\"widget\" data-e-type=\"widget\" data-widget_type=\"blockquote.default\">\n\t\t\t\t<div class=\"elementor-widget-container\">\n\t\t\t\t\t\t\t<blockquote class=\"elementor-blockquote\">\n\t\t\t<p class=\"elementor-blockquote__content\">\n\t\t\t\t\"Non \u00e8 solo un evento, ma il punto di partenza di una collaborazione audace tra Francia e Italia.\" \u2013 Martin Briens, Ambasciatore di Francia in Italia\t\t\t<\/p>\n\t\t\t\t\t<\/blockquote>\n\t\t\t\t\t\t<\/div>\n\t\t\t\t<\/div>\n\t\t\t\t<div class=\"elementor-element elementor-element-16c16072 elementor-widget elementor-widget-heading\" data-id=\"16c16072\" data-element_type=\"widget\" data-e-type=\"widget\" data-widget_type=\"heading.default\">\n\t\t\t\t<div class=\"elementor-widget-container\">\n\t\t\t\t\t<h3 class=\"elementor-heading-title elementor-size-default\">IA &amp; trasformazione del settore finanziario: tecnologie, modelli e investimenti.<\/h3>\t\t\t\t<\/div>\n\t\t\t\t<\/div>\n\t\t\t\t<div class=\"vamtam-has-theme-widget-styles elementor-element elementor-element-5339097f elementor-widget elementor-widget-text-editor\" data-id=\"5339097f\" data-element_type=\"widget\" data-e-type=\"widget\" data-widget_type=\"text-editor.default\">\n\t\t\t\t<div class=\"elementor-widget-container\">\n\t\t\t\t\t\t\t\t\t<p>La prima tavola rotonda ha riunito attori chiave della trasformazione digitale:<\/p>\n<ul>\n<li><strong>Nicola Manzari<\/strong>, COO, Younited Italy<\/li>\n<li><strong>George Owen<\/strong>, CEO, Stancer<\/li>\n<li><strong>Giovanni Calabrese<\/strong>, Investment Manager &amp; Head of CVC Competence Center, Sella Direct Ventures<\/li>\n<\/ul>\n<p>Si \u00e8 discusso dell\u2019impatto diretto dell\u2019IA sui servizi finanziari: automazione dei processi, scoring intelligente, gestione del rischio, ottimizzazione dei pagamenti e nuove opportunit\u00e0 di investimento per le startup fintech.<\/p>\t\t\t\t\t\t\t\t<\/div>\n\t\t\t\t<\/div>\n\t\t\t\t<div class=\"elementor-element elementor-element-b8bdc8b elementor-widget elementor-widget-image\" data-id=\"b8bdc8b\" data-element_type=\"widget\" data-e-type=\"widget\" data-widget_type=\"image.default\">\n\t\t\t\t<div class=\"elementor-widget-container\">\n\t\t\t\t\t\t\t\t\t\t\t\t\t\t\t<img decoding=\"async\" width=\"1500\" height=\"926\" src=\"https:\/\/lafrenchtechitaly.com\/wp-content\/uploads\/2023\/07\/French_Tech_Italy_Event_1_2.jpg\" class=\"attachment-2048x2048 size-2048x2048 wp-image-988232\" alt=\"\" srcset=\"https:\/\/lafrenchtechitaly.com\/wp-content\/uploads\/2023\/07\/French_Tech_Italy_Event_1_2.jpg 1500w, https:\/\/lafrenchtechitaly.com\/wp-content\/uploads\/2023\/07\/French_Tech_Italy_Event_1_2-300x185.jpg 300w, https:\/\/lafrenchtechitaly.com\/wp-content\/uploads\/2023\/07\/French_Tech_Italy_Event_1_2-1024x632.jpg 1024w, https:\/\/lafrenchtechitaly.com\/wp-content\/uploads\/2023\/07\/French_Tech_Italy_Event_1_2-768x474.jpg 768w\" sizes=\"(max-width: 1500px) 100vw, 1500px\" \/>\t\t\t\t\t\t\t\t\t\t\t\t\t\t\t<\/div>\n\t\t\t\t<\/div>\n\t\t\t\t<div class=\"elementor-element elementor-element-ffa2bde elementor-widget elementor-widget-heading\" data-id=\"ffa2bde\" data-element_type=\"widget\" data-e-type=\"widget\" data-widget_type=\"heading.default\">\n\t\t\t\t<div class=\"elementor-widget-container\">\n\t\t\t\t\t<h3 class=\"elementor-heading-title elementor-size-default\">IA &amp; sicurezza finanziaria nell\u2019era Fintech: dati, protezione e infrastrutture.<\/h3>\t\t\t\t<\/div>\n\t\t\t\t<\/div>\n\t\t\t\t<div class=\"vamtam-has-theme-widget-styles elementor-element elementor-element-9b40d31 elementor-widget elementor-widget-text-editor\" data-id=\"9b40d31\" data-element_type=\"widget\" data-e-type=\"widget\" data-widget_type=\"text-editor.default\">\n\t\t\t\t<div class=\"elementor-widget-container\">\n\t\t\t\t\t\t\t\t\t<p>Dopo una pausa caff\u00e8, la conferenza \u00e8 proseguita con una tavola rotonda dedicata alla <strong>sicurezza finanziaria<\/strong>, centrale per le fintech in fase di scalabilit\u00e0:<\/p><ul><li><strong>Anas El Khaloui<\/strong>, Head of Data, HiPay<\/li><li><strong>Philippe Gomes<\/strong>, Head of International Growth and Partnerships, Meelo<\/li><li><strong>Alessandro Di Pietro<\/strong>, Responsabile sviluppo commerciale, Aindo<\/li><li><strong>Davide Suppia<\/strong>, Country Managing Director Data4 &amp; membro del consiglio fondatore di iDA<\/li><\/ul><p>Le discussioni hanno riguardato protezione dei dati, rilevamento frodi, resilienza delle infrastrutture cloud e uso di modelli IA per rafforzare KYC\/AML in un contesto regolamentare in continua evoluzione.<\/p><p><strong>IA, finanza inclusiva e sostenibile: costruire le soluzioni di domani.<\/strong><\/p><p>Una terza tavola rotonda ha evidenziato gli usi positivi dell\u2019IA a servizio dell\u2019inclusione finanziaria e della sostenibilit\u00e0:<\/p><ul><li><strong>Achille Siciliano<\/strong>, CMO, Cents<\/li><li><strong>Arbia Smiti<\/strong>, CEO, Rosaly<\/li><li><strong>Riccardo Schiavotto<\/strong>, DG Italia, Alma<\/li><li><strong>Helena Eva Pozzi<\/strong>, Project Manager, In&amp;Valid<\/li><\/ul><p>Gli interventi hanno esplorato soluzioni per rendere la finanza pi\u00f9 <strong>accessibile<\/strong>, <strong>responsabile<\/strong> ed <strong>equa<\/strong>, attraverso risparmio automatizzato, sostegno al potere d\u2019acquisto, analisi etica dei dati e supporto ai pubblici pi\u00f9 fragili.<\/p><p><strong>Chiusura: verso un futuro europeo della Fintech e dell\u2019IA<\/strong><\/p><p>Gli interventi finali di:<\/p><ul><li><strong>Fiorenza Lipparini<\/strong>DG, Milano &amp; Partners<\/li><li><strong>Roberto Liscia<\/strong>Presidente Netcomm<\/li><li><strong>Paola Trecarichi<\/strong>, Vice presidente French Tech Italy &amp; GM HiPay Italy<\/li><\/ul><p>hanno sottolineato l\u2019importanza di <strong>creare un ecosistema europeo competitivo<\/strong>, capace di innovare garantendo trasparenza, sicurezza e sostenibilit\u00e0.<\/p><p><strong>Cocktail networking per proseguire gli scambi<\/strong><\/p><p>Dalle <strong>18:15 alle 20:00<\/strong>, un cocktail ha permesso ai partecipanti di proseguire le discussioni e creare nuove sinergie tra gli ecosistemi fintech francesi e italiani.<\/p><p><strong>Un evento chiave per il futuro dell\u2019IA e della fintech in Europa<\/strong><\/p><p>Grazie ai contenuti e alla qualit\u00e0 dei relatori, <strong>\u201cAI e Fintech: cosa succeder\u00e0?\u201d.\u201d<\/strong> conferma il ruolo della French Tech Italy come catalizzatore d\u2019innovazione in Europa<br \/>aprendo la strada a una nuova generazione di soluzioni fintech fondate sulla cooperazione franco-italiana.<\/p>\t\t\t\t\t\t\t\t<\/div>\n\t\t\t\t<\/div>\n\t\t\t\t\t<\/div>\n\t\t<\/div>\n\t\t\t\t\t<\/div>\n\t\t<\/section>\n\t\t\t\t<\/div>","protected":false},"excerpt":{"rendered":"<p>Il 16 giugno 2025, la French Tech Italy ha organizzato al Palazzo Giureconsulti, nel cuore di Milano... <\/p>","protected":false},"author":1,"featured_media":988218,"comment_status":"open","ping_status":"open","sticky":false,"template":"","format":"standard","meta":{"footnotes":""},"categories":[65],"tags":[],"class_list":["post-7023","post","type-post","status-publish","format-standard","has-post-thumbnail","hentry","category-evenements"],"yoast_head":"<!-- This site is optimized with the Yoast SEO plugin v27.4 - https:\/\/yoast.com\/product\/yoast-seo-wordpress\/ -->\n<title>AI &amp; Fintech: What\u2019s Next \u00e0 Milan | French Tech Italy<\/title>\n<meta name=\"description\" content=\"French Tech Italy r\u00e9unit \u00e0 Milan les leaders de l\u2019IA et de la fintech pour explorer les innovations qui transformeront l\u2019\u00e9conomie europ\u00e9enne. Lire l\u2019article.\" \/>\n<meta name=\"robots\" content=\"index, follow, max-snippet:-1, max-image-preview:large, max-video-preview:-1\" \/>\n<link rel=\"canonical\" href=\"https:\/\/lafrenchtechitaly.com\/it\/ai-fintech-whats-next-la-french-tech-italy-riunisce-i-leader-dellinnovazione-a-milano\/\" \/>\n<meta property=\"og:locale\" content=\"it_IT\" \/>\n<meta property=\"og:type\" content=\"article\" \/>\n<meta property=\"og:title\" content=\"AI &amp; Fintech: What\u2019s Next \u00e0 Milan | French Tech Italy\" \/>\n<meta property=\"og:description\" content=\"French Tech Italy r\u00e9unit \u00e0 Milan les leaders de l\u2019IA et de la fintech pour explorer les innovations qui transformeront l\u2019\u00e9conomie europ\u00e9enne. Lire l\u2019article.\" \/>\n<meta property=\"og:url\" content=\"https:\/\/lafrenchtechitaly.com\/it\/ai-fintech-whats-next-la-french-tech-italy-riunisce-i-leader-dellinnovazione-a-milano\/\" \/>\n<meta property=\"og:site_name\" content=\"La French Tech Italy\" \/>\n<meta property=\"article:published_time\" content=\"2025-07-17T13:16:00+00:00\" \/>\n<meta property=\"article:modified_time\" content=\"2025-12-09T13:21:20+00:00\" \/>\n<meta property=\"og:image\" content=\"https:\/\/lafrenchtechitaly.com\/wp-content\/uploads\/2023\/07\/French_Tech_Italy_Event_1.jpg\" \/>\n\t<meta property=\"og:image:width\" content=\"1500\" \/>\n\t<meta property=\"og:image:height\" content=\"926\" \/>\n\t<meta property=\"og:image:type\" content=\"image\/jpeg\" \/>\n<meta name=\"author\" content=\"La French Tech Italy\" \/>\n<meta name=\"twitter:card\" content=\"summary_large_image\" \/>\n<meta name=\"twitter:label1\" content=\"Scritto da\" \/>\n\t<meta name=\"twitter:data1\" content=\"La French Tech Italy\" \/>\n\t<meta name=\"twitter:label2\" content=\"Tempo di lettura stimato\" \/>\n\t<meta name=\"twitter:data2\" content=\"5 minuti\" \/>\n<script type=\"application\/ld+json\" class=\"yoast-schema-graph\">{\"@context\":\"https:\\\/\\\/schema.org\",\"@graph\":[{\"@type\":\"Article\",\"@id\":\"https:\\\/\\\/lafrenchtechitaly.com\\\/ai-fintech-whats-next-la-french-tech-italy-reunit-les-leaders-de-linnovation-a-milan\\\/#article\",\"isPartOf\":{\"@id\":\"https:\\\/\\\/lafrenchtechitaly.com\\\/ai-fintech-whats-next-la-french-tech-italy-reunit-les-leaders-de-linnovation-a-milan\\\/\"},\"author\":{\"name\":\"La French Tech Italy\",\"@id\":\"https:\\\/\\\/lafrenchtechitaly.com\\\/#\\\/schema\\\/person\\\/a6a98e7896abbfea32899e1d70b4a54e\"},\"headline\":\"AI &amp; Fintech: What\u2019s Next? La French Tech Italy r\u00e9unit les leaders de l\u2019innovation \u00e0 Milan\",\"datePublished\":\"2025-07-17T13:16:00+00:00\",\"dateModified\":\"2025-12-09T13:21:20+00:00\",\"mainEntityOfPage\":{\"@id\":\"https:\\\/\\\/lafrenchtechitaly.com\\\/ai-fintech-whats-next-la-french-tech-italy-reunit-les-leaders-de-linnovation-a-milan\\\/\"},\"wordCount\":862,\"commentCount\":1,\"publisher\":{\"@id\":\"https:\\\/\\\/lafrenchtechitaly.com\\\/#organization\"},\"image\":{\"@id\":\"https:\\\/\\\/lafrenchtechitaly.com\\\/ai-fintech-whats-next-la-french-tech-italy-reunit-les-leaders-de-linnovation-a-milan\\\/#primaryimage\"},\"thumbnailUrl\":\"https:\\\/\\\/lafrenchtechitaly.com\\\/wp-content\\\/uploads\\\/2023\\\/07\\\/French_Tech_Italy_Event_1.jpg\",\"articleSection\":[\"\u00c9v\u00e8nements\"],\"inLanguage\":\"it-IT\",\"potentialAction\":[{\"@type\":\"CommentAction\",\"name\":\"Comment\",\"target\":[\"https:\\\/\\\/lafrenchtechitaly.com\\\/ai-fintech-whats-next-la-french-tech-italy-reunit-les-leaders-de-linnovation-a-milan\\\/#respond\"]}]},{\"@type\":\"WebPage\",\"@id\":\"https:\\\/\\\/lafrenchtechitaly.com\\\/ai-fintech-whats-next-la-french-tech-italy-reunit-les-leaders-de-linnovation-a-milan\\\/\",\"url\":\"https:\\\/\\\/lafrenchtechitaly.com\\\/ai-fintech-whats-next-la-french-tech-italy-reunit-les-leaders-de-linnovation-a-milan\\\/\",\"name\":\"AI & Fintech: What\u2019s Next \u00e0 Milan | French Tech Italy\",\"isPartOf\":{\"@id\":\"https:\\\/\\\/lafrenchtechitaly.com\\\/#website\"},\"primaryImageOfPage\":{\"@id\":\"https:\\\/\\\/lafrenchtechitaly.com\\\/ai-fintech-whats-next-la-french-tech-italy-reunit-les-leaders-de-linnovation-a-milan\\\/#primaryimage\"},\"image\":{\"@id\":\"https:\\\/\\\/lafrenchtechitaly.com\\\/ai-fintech-whats-next-la-french-tech-italy-reunit-les-leaders-de-linnovation-a-milan\\\/#primaryimage\"},\"thumbnailUrl\":\"https:\\\/\\\/lafrenchtechitaly.com\\\/wp-content\\\/uploads\\\/2023\\\/07\\\/French_Tech_Italy_Event_1.jpg\",\"datePublished\":\"2025-07-17T13:16:00+00:00\",\"dateModified\":\"2025-12-09T13:21:20+00:00\",\"description\":\"French Tech Italy r\u00e9unit \u00e0 Milan les leaders de l\u2019IA et de la fintech pour explorer les innovations qui transformeront l\u2019\u00e9conomie europ\u00e9enne. Lire l\u2019article.\",\"breadcrumb\":{\"@id\":\"https:\\\/\\\/lafrenchtechitaly.com\\\/ai-fintech-whats-next-la-french-tech-italy-reunit-les-leaders-de-linnovation-a-milan\\\/#breadcrumb\"},\"inLanguage\":\"it-IT\",\"potentialAction\":[{\"@type\":\"ReadAction\",\"target\":[\"https:\\\/\\\/lafrenchtechitaly.com\\\/ai-fintech-whats-next-la-french-tech-italy-reunit-les-leaders-de-linnovation-a-milan\\\/\"]}]},{\"@type\":\"ImageObject\",\"inLanguage\":\"it-IT\",\"@id\":\"https:\\\/\\\/lafrenchtechitaly.com\\\/ai-fintech-whats-next-la-french-tech-italy-reunit-les-leaders-de-linnovation-a-milan\\\/#primaryimage\",\"url\":\"https:\\\/\\\/lafrenchtechitaly.com\\\/wp-content\\\/uploads\\\/2023\\\/07\\\/French_Tech_Italy_Event_1.jpg\",\"contentUrl\":\"https:\\\/\\\/lafrenchtechitaly.com\\\/wp-content\\\/uploads\\\/2023\\\/07\\\/French_Tech_Italy_Event_1.jpg\",\"width\":1500,\"height\":926},{\"@type\":\"BreadcrumbList\",\"@id\":\"https:\\\/\\\/lafrenchtechitaly.com\\\/ai-fintech-whats-next-la-french-tech-italy-reunit-les-leaders-de-linnovation-a-milan\\\/#breadcrumb\",\"itemListElement\":[{\"@type\":\"ListItem\",\"position\":1,\"name\":\"Accueil\",\"item\":\"https:\\\/\\\/lafrenchtechitaly.com\\\/\"},{\"@type\":\"ListItem\",\"position\":2,\"name\":\"AI &amp; Fintech: What\u2019s Next? La French Tech Italy r\u00e9unit les leaders de l\u2019innovation \u00e0 Milan\"}]},{\"@type\":\"WebSite\",\"@id\":\"https:\\\/\\\/lafrenchtechitaly.com\\\/#website\",\"url\":\"https:\\\/\\\/lafrenchtechitaly.com\\\/\",\"name\":\"La French Tech Italy\",\"description\":\"Le r\u00e9seau tech qui unit France et Italie\",\"publisher\":{\"@id\":\"https:\\\/\\\/lafrenchtechitaly.com\\\/#organization\"},\"potentialAction\":[{\"@type\":\"SearchAction\",\"target\":{\"@type\":\"EntryPoint\",\"urlTemplate\":\"https:\\\/\\\/lafrenchtechitaly.com\\\/?s={search_term_string}\"},\"query-input\":{\"@type\":\"PropertyValueSpecification\",\"valueRequired\":true,\"valueName\":\"search_term_string\"}}],\"inLanguage\":\"it-IT\"},{\"@type\":\"Organization\",\"@id\":\"https:\\\/\\\/lafrenchtechitaly.com\\\/#organization\",\"name\":\"La French Tech Italy\",\"url\":\"https:\\\/\\\/lafrenchtechitaly.com\\\/\",\"logo\":{\"@type\":\"ImageObject\",\"inLanguage\":\"it-IT\",\"@id\":\"https:\\\/\\\/lafrenchtechitaly.com\\\/#\\\/schema\\\/logo\\\/image\\\/\",\"url\":\"https:\\\/\\\/lafrenchtechitaly.com\\\/wp-content\\\/uploads\\\/2025\\\/12\\\/LOGO_FT_1.png\",\"contentUrl\":\"https:\\\/\\\/lafrenchtechitaly.com\\\/wp-content\\\/uploads\\\/2025\\\/12\\\/LOGO_FT_1.png\",\"width\":351,\"height\":121,\"caption\":\"La French Tech Italy\"},\"image\":{\"@id\":\"https:\\\/\\\/lafrenchtechitaly.com\\\/#\\\/schema\\\/logo\\\/image\\\/\"},\"sameAs\":[\"https:\\\/\\\/www.linkedin.com\\\/company\\\/la-french-tech-italy\\\/\"]},{\"@type\":\"Person\",\"@id\":\"https:\\\/\\\/lafrenchtechitaly.com\\\/#\\\/schema\\\/person\\\/a6a98e7896abbfea32899e1d70b4a54e\",\"name\":\"La French Tech Italy\",\"image\":{\"@type\":\"ImageObject\",\"inLanguage\":\"it-IT\",\"@id\":\"https:\\\/\\\/secure.gravatar.com\\\/avatar\\\/45b0b04d00f46a783ee320d1dcabec584c03a098467fd085fd45a3aad1769f6e?s=96&d=mm&r=g\",\"url\":\"https:\\\/\\\/secure.gravatar.com\\\/avatar\\\/45b0b04d00f46a783ee320d1dcabec584c03a098467fd085fd45a3aad1769f6e?s=96&d=mm&r=g\",\"contentUrl\":\"https:\\\/\\\/secure.gravatar.com\\\/avatar\\\/45b0b04d00f46a783ee320d1dcabec584c03a098467fd085fd45a3aad1769f6e?s=96&d=mm&r=g\",\"caption\":\"La French Tech Italy\"},\"sameAs\":[\"https:\\\/\\\/lafrenchtechitaly.com\"],\"url\":\"https:\\\/\\\/lafrenchtechitaly.com\\\/it\\\/author\\\/admin2042\\\/\"}]}<\/script>\n<!-- \/ Yoast SEO plugin. -->","yoast_head_json":{"title":"AI e Fintech: cosa c'\u00e8 di nuovo a Milano | French Tech Italy","description":"French Tech Italy riunisce a Milano i leader dell'AI e del fintech per esplorare le innovazioni che trasformeranno l'economia europea. Leggi l'articolo completo.","robots":{"index":"index","follow":"follow","max-snippet":"max-snippet:-1","max-image-preview":"max-image-preview:large","max-video-preview":"max-video-preview:-1"},"canonical":"https:\/\/lafrenchtechitaly.com\/it\/ai-fintech-whats-next-la-french-tech-italy-riunisce-i-leader-dellinnovazione-a-milano\/","og_locale":"it_IT","og_type":"article","og_title":"AI & Fintech: What\u2019s Next \u00e0 Milan | French Tech Italy","og_description":"French Tech Italy r\u00e9unit \u00e0 Milan les leaders de l\u2019IA et de la fintech pour explorer les innovations qui transformeront l\u2019\u00e9conomie europ\u00e9enne. Lire l\u2019article.","og_url":"https:\/\/lafrenchtechitaly.com\/it\/ai-fintech-whats-next-la-french-tech-italy-riunisce-i-leader-dellinnovazione-a-milano\/","og_site_name":"La French Tech Italy","article_published_time":"2025-07-17T13:16:00+00:00","article_modified_time":"2025-12-09T13:21:20+00:00","og_image":[{"width":1500,"height":926,"url":"https:\/\/lafrenchtechitaly.com\/wp-content\/uploads\/2023\/07\/French_Tech_Italy_Event_1.jpg","type":"image\/jpeg"}],"author":"La French Tech Italy","twitter_card":"summary_large_image","twitter_misc":{"Scritto da":"La French Tech Italy","Tempo di lettura stimato":"5 minuti"},"schema":{"@context":"https:\/\/schema.org","@graph":[{"@type":"Article","@id":"https:\/\/lafrenchtechitaly.com\/ai-fintech-whats-next-la-french-tech-italy-reunit-les-leaders-de-linnovation-a-milan\/#article","isPartOf":{"@id":"https:\/\/lafrenchtechitaly.com\/ai-fintech-whats-next-la-french-tech-italy-reunit-les-leaders-de-linnovation-a-milan\/"},"author":{"name":"La French Tech Italy","@id":"https:\/\/lafrenchtechitaly.com\/#\/schema\/person\/a6a98e7896abbfea32899e1d70b4a54e"},"headline":"AI &amp; Fintech: What\u2019s Next? La French Tech Italy r\u00e9unit les leaders de l\u2019innovation \u00e0 Milan","datePublished":"2025-07-17T13:16:00+00:00","dateModified":"2025-12-09T13:21:20+00:00","mainEntityOfPage":{"@id":"https:\/\/lafrenchtechitaly.com\/ai-fintech-whats-next-la-french-tech-italy-reunit-les-leaders-de-linnovation-a-milan\/"},"wordCount":862,"commentCount":1,"publisher":{"@id":"https:\/\/lafrenchtechitaly.com\/#organization"},"image":{"@id":"https:\/\/lafrenchtechitaly.com\/ai-fintech-whats-next-la-french-tech-italy-reunit-les-leaders-de-linnovation-a-milan\/#primaryimage"},"thumbnailUrl":"https:\/\/lafrenchtechitaly.com\/wp-content\/uploads\/2023\/07\/French_Tech_Italy_Event_1.jpg","articleSection":["\u00c9v\u00e8nements"],"inLanguage":"it-IT","potentialAction":[{"@type":"CommentAction","name":"Comment","target":["https:\/\/lafrenchtechitaly.com\/ai-fintech-whats-next-la-french-tech-italy-reunit-les-leaders-de-linnovation-a-milan\/#respond"]}]},{"@type":"WebPage","@id":"https:\/\/lafrenchtechitaly.com\/ai-fintech-whats-next-la-french-tech-italy-reunit-les-leaders-de-linnovation-a-milan\/","url":"https:\/\/lafrenchtechitaly.com\/ai-fintech-whats-next-la-french-tech-italy-reunit-les-leaders-de-linnovation-a-milan\/","name":"AI e Fintech: cosa c'\u00e8 di nuovo a Milano | French Tech Italy","isPartOf":{"@id":"https:\/\/lafrenchtechitaly.com\/#website"},"primaryImageOfPage":{"@id":"https:\/\/lafrenchtechitaly.com\/ai-fintech-whats-next-la-french-tech-italy-reunit-les-leaders-de-linnovation-a-milan\/#primaryimage"},"image":{"@id":"https:\/\/lafrenchtechitaly.com\/ai-fintech-whats-next-la-french-tech-italy-reunit-les-leaders-de-linnovation-a-milan\/#primaryimage"},"thumbnailUrl":"https:\/\/lafrenchtechitaly.com\/wp-content\/uploads\/2023\/07\/French_Tech_Italy_Event_1.jpg","datePublished":"2025-07-17T13:16:00+00:00","dateModified":"2025-12-09T13:21:20+00:00","description":"French Tech Italy riunisce a Milano i leader dell'AI e del fintech per esplorare le innovazioni che trasformeranno l'economia europea. Leggi l'articolo completo.","breadcrumb":{"@id":"https:\/\/lafrenchtechitaly.com\/ai-fintech-whats-next-la-french-tech-italy-reunit-les-leaders-de-linnovation-a-milan\/#breadcrumb"},"inLanguage":"it-IT","potentialAction":[{"@type":"ReadAction","target":["https:\/\/lafrenchtechitaly.com\/ai-fintech-whats-next-la-french-tech-italy-reunit-les-leaders-de-linnovation-a-milan\/"]}]},{"@type":"ImageObject","inLanguage":"it-IT","@id":"https:\/\/lafrenchtechitaly.com\/ai-fintech-whats-next-la-french-tech-italy-reunit-les-leaders-de-linnovation-a-milan\/#primaryimage","url":"https:\/\/lafrenchtechitaly.com\/wp-content\/uploads\/2023\/07\/French_Tech_Italy_Event_1.jpg","contentUrl":"https:\/\/lafrenchtechitaly.com\/wp-content\/uploads\/2023\/07\/French_Tech_Italy_Event_1.jpg","width":1500,"height":926},{"@type":"BreadcrumbList","@id":"https:\/\/lafrenchtechitaly.com\/ai-fintech-whats-next-la-french-tech-italy-reunit-les-leaders-de-linnovation-a-milan\/#breadcrumb","itemListElement":[{"@type":"ListItem","position":1,"name":"Accueil","item":"https:\/\/lafrenchtechitaly.com\/"},{"@type":"ListItem","position":2,"name":"AI &amp; Fintech: What\u2019s Next? La French Tech Italy r\u00e9unit les leaders de l\u2019innovation \u00e0 Milan"}]},{"@type":"WebSite","@id":"https:\/\/lafrenchtechitaly.com\/#website","url":"https:\/\/lafrenchtechitaly.com\/","name":"La French Tech Italy","description":"La rete tecnologica che unisce Francia e Italia","publisher":{"@id":"https:\/\/lafrenchtechitaly.com\/#organization"},"potentialAction":[{"@type":"SearchAction","target":{"@type":"EntryPoint","urlTemplate":"https:\/\/lafrenchtechitaly.com\/?s={search_term_string}"},"query-input":{"@type":"PropertyValueSpecification","valueRequired":true,"valueName":"search_term_string"}}],"inLanguage":"it-IT"},{"@type":"Organization","@id":"https:\/\/lafrenchtechitaly.com\/#organization","name":"La French Tech Italy","url":"https:\/\/lafrenchtechitaly.com\/","logo":{"@type":"ImageObject","inLanguage":"it-IT","@id":"https:\/\/lafrenchtechitaly.com\/#\/schema\/logo\/image\/","url":"https:\/\/lafrenchtechitaly.com\/wp-content\/uploads\/2025\/12\/LOGO_FT_1.png","contentUrl":"https:\/\/lafrenchtechitaly.com\/wp-content\/uploads\/2025\/12\/LOGO_FT_1.png","width":351,"height":121,"caption":"La French Tech Italy"},"image":{"@id":"https:\/\/lafrenchtechitaly.com\/#\/schema\/logo\/image\/"},"sameAs":["https:\/\/www.linkedin.com\/company\/la-french-tech-italy\/"]},{"@type":"Person","@id":"https:\/\/lafrenchtechitaly.com\/#\/schema\/person\/a6a98e7896abbfea32899e1d70b4a54e","name":"La French Tech Italy","image":{"@type":"ImageObject","inLanguage":"it-IT","@id":"https:\/\/secure.gravatar.com\/avatar\/45b0b04d00f46a783ee320d1dcabec584c03a098467fd085fd45a3aad1769f6e?s=96&d=mm&r=g","url":"https:\/\/secure.gravatar.com\/avatar\/45b0b04d00f46a783ee320d1dcabec584c03a098467fd085fd45a3aad1769f6e?s=96&d=mm&r=g","contentUrl":"https:\/\/secure.gravatar.com\/avatar\/45b0b04d00f46a783ee320d1dcabec584c03a098467fd085fd45a3aad1769f6e?s=96&d=mm&r=g","caption":"La French Tech Italy"},"sameAs":["https:\/\/lafrenchtechitaly.com"],"url":"https:\/\/lafrenchtechitaly.com\/it\/author\/admin2042\/"}]}},"_links":{"self":[{"href":"https:\/\/lafrenchtechitaly.com\/it\/wp-json\/wp\/v2\/posts\/7023","targetHints":{"allow":["GET"]}}],"collection":[{"href":"https:\/\/lafrenchtechitaly.com\/it\/wp-json\/wp\/v2\/posts"}],"about":[{"href":"https:\/\/lafrenchtechitaly.com\/it\/wp-json\/wp\/v2\/types\/post"}],"author":[{"embeddable":true,"href":"https:\/\/lafrenchtechitaly.com\/it\/wp-json\/wp\/v2\/users\/1"}],"replies":[{"embeddable":true,"href":"https:\/\/lafrenchtechitaly.com\/it\/wp-json\/wp\/v2\/comments?post=7023"}],"version-history":[{"count":21,"href":"https:\/\/lafrenchtechitaly.com\/it\/wp-json\/wp\/v2\/posts\/7023\/revisions"}],"predecessor-version":[{"id":988241,"href":"https:\/\/lafrenchtechitaly.com\/it\/wp-json\/wp\/v2\/posts\/7023\/revisions\/988241"}],"wp:featuredmedia":[{"embeddable":true,"href":"https:\/\/lafrenchtechitaly.com\/it\/wp-json\/wp\/v2\/media\/988218"}],"wp:attachment":[{"href":"https:\/\/lafrenchtechitaly.com\/it\/wp-json\/wp\/v2\/media?parent=7023"}],"wp:term":[{"taxonomy":"category","embeddable":true,"href":"https:\/\/lafrenchtechitaly.com\/it\/wp-json\/wp\/v2\/categories?post=7023"},{"taxonomy":"post_tag","embeddable":true,"href":"https:\/\/lafrenchtechitaly.com\/it\/wp-json\/wp\/v2\/tags?post=7023"}],"curies":[{"name":"wp","href":"https:\/\/api.w.org\/{rel}","templated":true}]}}