{"id":7025,"date":"2024-06-17T15:12:00","date_gmt":"2024-06-17T13:12:00","guid":{"rendered":"https:\/\/beratung.vamtam.com\/?p=7025"},"modified":"2025-12-09T14:22:20","modified_gmt":"2025-12-09T13:22:20","slug":"incontri-e-sfide-intorno-a-e-sportech-french-tech-italy-riunisce-il-sistema-italo-francese-a-roma","status":"publish","type":"post","link":"https:\/\/lafrenchtechitaly.com\/it\/rencontres-et-defis-autour-du-e-sportech-la-french-tech-italy-reunit-lecosysteme-franco-italien-a-rome\/","title":{"rendered":"Incontri e Sfide attorno alla e\/Sportech: La French Tech Italy riunisce l\u2019ecosistema franco-italiano a Roma"},"content":{"rendered":"<div data-elementor-type=\"wp-post\" data-elementor-id=\"7025\" class=\"elementor elementor-7025\" data-elementor-post-type=\"post\">\n\t\t\t\t\t\t<section class=\"elementor-section elementor-top-section elementor-element elementor-element-13f2af4 elementor-section-boxed elementor-section-height-default elementor-section-height-default\" data-id=\"13f2af4\" data-element_type=\"section\" data-e-type=\"section\">\n\t\t\t\t\t\t<div class=\"elementor-container elementor-column-gap-no\">\n\t\t\t\t\t<div class=\"elementor-column elementor-col-100 elementor-top-column elementor-element elementor-element-151eba98\" data-id=\"151eba98\" data-element_type=\"column\" data-e-type=\"column\">\n\t\t\t<div class=\"elementor-widget-wrap elementor-element-populated\">\n\t\t\t\t\t\t<div class=\"vamtam-has-theme-widget-styles elementor-element elementor-element-10186e9a elementor-widget elementor-widget-text-editor\" data-id=\"10186e9a\" data-element_type=\"widget\" data-e-type=\"widget\" data-widget_type=\"text-editor.default\">\n\t\t\t\t<div class=\"elementor-widget-container\">\n\t\t\t\t\t\t\t\t\t<p>Il <strong>28 maggio 2024<\/strong>, la French Tech Italy organizza a <strong>Palazzo Farnese, a Roma<\/strong>una mattinata dedicata allo <strong>Sportech<\/strong> e all'<strong>esport<\/strong>, riunendo imprenditori, investitori, istituzioni, atleti e leader europei del settore. L\u2019evento ha segnato una tappa importante nella dinamica transfrontaliera Francia\u2013Italia nel campo della <strong>e\/Sportech.<\/strong>.<\/p>\t\t\t\t\t\t\t\t<\/div>\n\t\t\t\t<\/div>\n\t\t\t\t<div class=\"elementor-element elementor-element-19353a41 elementor-widget elementor-widget-heading\" data-id=\"19353a41\" data-element_type=\"widget\" data-e-type=\"widget\" data-widget_type=\"heading.default\">\n\t\t\t\t<div class=\"elementor-widget-container\">\n\t\t\t\t\t<h3 class=\"elementor-heading-title elementor-size-default\">Un ecosistema franco-italiano in movimento<\/h3>\t\t\t\t<\/div>\n\t\t\t\t<\/div>\n\t\t\t\t<div class=\"vamtam-has-theme-widget-styles elementor-element elementor-element-1b5d435c elementor-widget elementor-widget-text-editor\" data-id=\"1b5d435c\" data-element_type=\"widget\" data-e-type=\"widget\" data-widget_type=\"text-editor.default\">\n\t\t\t\t<div class=\"elementor-widget-container\">\n\t\t\t\t\t\t\t\t\t<p>La giornata \u00e8 iniziata alle 9:00 con gli interventi di:<\/p>\n<ul>\n<li><strong>Martin Briens<\/strong>, Ambasciatore di Francia in Italia<\/li>\n<li><strong>Paola Trecarichi<\/strong>, Presidente French Tech Italy<\/li>\n<li><strong>Clara Devouassoux<\/strong>, Responsabile Community French Tech International (Ministero dell\u2019Economia, delle Finanze e della Sovranit\u00e0 Digitale)<\/li>\n<\/ul>\n<p>Questa introduzione ha posto le basi per una collaborazione rafforzata tra i due Paesi in un settore in piena espansione: la <strong>tecnologia applicata allo sport<\/strong>, dalle performance sportive all\u2019esport di alto livello.<\/p>\t\t\t\t\t\t\t\t<\/div>\n\t\t\t\t<\/div>\n\t\t\t\t<div class=\"elementor-element elementor-element-226d9d95 elementor-widget elementor-widget-image\" data-id=\"226d9d95\" data-element_type=\"widget\" data-e-type=\"widget\" data-widget_type=\"image.default\">\n\t\t\t\t<div class=\"elementor-widget-container\">\n\t\t\t\t\t\t\t\t\t\t\t\t\t\t\t<img fetchpriority=\"high\" decoding=\"async\" width=\"2048\" height=\"1365\" src=\"https:\/\/lafrenchtechitaly.com\/wp-content\/uploads\/2024\/06\/FRENCH_TECH_ITALY-443-2048x1365.jpg\" class=\"attachment-2048x2048 size-2048x2048 wp-image-988263\" alt=\"\" srcset=\"\" sizes=\"(max-width: 2048px) 100vw, 2048px\" data-srcset=\"\" \/>\t\t\t\t\t\t\t\t\t\t\t\t\t\t\t<\/div>\n\t\t\t\t<\/div>\n\t\t\t\t<div class=\"elementor-element elementor-element-5a3438c9 elementor-widget elementor-widget-heading\" data-id=\"5a3438c9\" data-element_type=\"widget\" data-e-type=\"widget\" data-widget_type=\"heading.default\">\n\t\t\t\t<div class=\"elementor-widget-container\">\n\t\t\t\t\t<h3 class=\"elementor-heading-title elementor-size-default\">Prima parte \u2013 Sportech: innovazione, investimenti e opportunit\u00e0 Francia-Italia<\/h3>\t\t\t\t<\/div>\n\t\t\t\t<\/div>\n\t\t\t\t<div class=\"vamtam-has-theme-widget-styles elementor-element elementor-element-4d289c06 elementor-widget__width-initial elementor-widget elementor-widget-text-editor\" data-id=\"4d289c06\" data-element_type=\"widget\" data-e-type=\"widget\" data-widget_type=\"text-editor.default\">\n\t\t\t\t<div class=\"elementor-widget-container\">\n\t\t\t\t\t\t\t\t\t<p><strong>L'asse Francia-Italia, motore di innovazione Sportech<\/strong><\/p><p>Moderata da <strong>Federico Smanio<\/strong> (Program Director, Acceleratore WeSportUp \u2013 CDP Venture Capital), la prima tavola rotonda ha esplorato le prospettive delle sinergie franco-italiane:<br \/>Ha riunito:<\/p><ul><li><strong>Isabelle Andrieu<\/strong>, Co-fondatrice PI Campus e Translated<\/li><li><strong>Aur\u00e9lie Dy\u00e8vre<\/strong>, Vicepresidente Sportech<\/li><li><strong>Fulvio Matteoni<\/strong>, Direttore Relazioni Istituzionali, Decathlon Italia<\/li><li><strong>Valentina Righetti<\/strong>, Founder &amp; CEO, Your Personal Trainer<\/li><\/ul><p>Gli interventi hanno evidenziato l\u2019importanza dell\u2019innovazione tecnologica nello sport, coaching digitale, IoT, oggetti connessi e nuovi usi sportivi.<\/p><p><strong>Investimenti Sportech e sviluppo del mercato<\/strong><\/p><p>La seconda discussione ha analizzato le dinamiche d\u2019investimento con la partecipazione di:<\/p><ul><li><strong>Gian Luca Comandini<\/strong>, Esperto NFT e Presidente club Vesta Calcio<\/li><li><strong>Mustafa Curlu<\/strong>, Direttore Digital, Sport &amp; International, Les Meneurs (Bpifrance)<\/li><\/ul><ul><li style=\"list-style-type: none;\"><ul><li>partecipazione di <strong>VC \/ startup italiane e francesi<\/strong> (TBC)<\/li><\/ul><\/li><\/ul><p>Gli scambi hanno evidenziato la rapida crescita del mercato, l\u2019importanza delle tecnologie immersive, NFT sportivi e la necessit\u00e0 di strutturare fondi dedicati.<\/p><p><strong>Esport-caf\u00e9: Alpine Esports e Virtual Regatta<\/strong><\/p><p>Un momento informale ha permesso ai partecipanti di scoprire l\u2019universo competitivo di<strong>Alpine Esports<\/strong> e di <strong>Virtual Regatta<\/strong>, attraverso una dimostrazione immersiva.<\/p>\t\t\t\t\t\t\t\t<\/div>\n\t\t\t\t<\/div>\n\t\t\t\t<div class=\"elementor-element elementor-element-2ac76097 elementor-blockquote--skin-clean elementor-blockquote--align-center elementor-widget-mobile__width-inherit elementor-widget elementor-widget-blockquote\" data-id=\"2ac76097\" data-element_type=\"widget\" data-e-type=\"widget\" data-widget_type=\"blockquote.default\">\n\t\t\t\t<div class=\"elementor-widget-container\">\n\t\t\t\t\t\t\t<blockquote class=\"elementor-blockquote\">\n\t\t\t<p class=\"elementor-blockquote__content\">\n\t\t\t\t\"L\u2019attenzione verso questo mercato sta crescendo in Italia e il suo valore potrebbe raggiungere 1,5 miliardi gi\u00e0 nel 2024.\" Martin Briens, Ambasciatore di Francia in Italia.\t\t\t<\/p>\n\t\t\t\t\t<\/blockquote>\n\t\t\t\t\t\t<\/div>\n\t\t\t\t<\/div>\n\t\t\t\t<div class=\"elementor-element elementor-element-4bea6fc0 elementor-widget elementor-widget-heading\" data-id=\"4bea6fc0\" data-element_type=\"widget\" data-e-type=\"widget\" data-widget_type=\"heading.default\">\n\t\t\t\t<div class=\"elementor-widget-container\">\n\t\t\t\t\t<h3 class=\"elementor-heading-title elementor-size-default\">Seconda parte \u2013 Esport: modelli europei, valori e prospettive<\/h3>\t\t\t\t<\/div>\n\t\t\t\t<\/div>\n\t\t\t\t<div class=\"vamtam-has-theme-widget-styles elementor-element elementor-element-3fed825 elementor-widget elementor-widget-text-editor\" data-id=\"3fed825\" data-element_type=\"widget\" data-e-type=\"widget\" data-widget_type=\"text-editor.default\">\n\t\t\t\t<div class=\"elementor-widget-container\">\n\t\t\t\t\t\t\t\t\t<p>Moderata da <strong>Alessio Crisantemi<\/strong> (GiocoNews \/ EsportsMag), la seconda tavola rotonda ha discusso le basi per un esport europeo forte e sostenibile.<\/p><p><strong>Come far emergere un campione europeo dell\u2019esport?<\/strong><\/p><p>Con la partecipazione di:<\/p><ul><li><strong>Dior Buranov<\/strong>, Alpine \u2013 Partnerships &amp; Sponsorships Manager<\/li><li><strong>Virginie Gringarten<\/strong>, Ubisoft \u2013 Associate General Counsel<\/li><li><strong>Thalita Malago<\/strong>, Presidente, IIDEA<\/li><li><strong>Simone Mingoli<\/strong>, Founder &amp; CEO, DSYRE<\/li><\/ul><p>Gli intervenuti hanno affrontato la strutturazione del mercato, la professionalizzazione, il sostegno ai talenti e le sfide legate alla sovranit\u00e0 digitale.<\/p><p><strong>L\u2019esport \u00e8 l\u2019anti-sport? Una riflessione sui valori<\/strong><\/p><p>Una tavola rotonda di forte risonanza sociale ha coinvolto:<\/p><ul><li><strong>Giorgia Casciaroli<\/strong>, Campionessa Europea eFootball<\/li><li><strong>Thomas Gauthier<\/strong>, COO, Virtual Regatta<\/li><li><strong>D\u00e9sir\u00e9 Koussawo<\/strong>, Presidente, France Esports<\/li><li><strong>Luca Pagano<\/strong>, Founder &amp; CEO, Qlash<\/li><li><strong>Guillaume Vergnas<\/strong>, Head of Merchandising, Licensing, Esports &amp; Web3, Alpine<\/li><\/ul><p>Il dibattito ha evidenziato valori condivisi tra sport tradizionale ed esport: disciplina, performance, inclusione, strategia e fair-play.<\/p><p><strong>Esport-buffet con Alpine Esports e Virtual Regatta<\/strong><\/p><p>La mattinata si \u00e8 conclusa con un buffet di networking, consentendo ai partecipanti di confrontarsi direttamente con i team esport presenti.<\/p><p><strong>Un evento strutturante per il futuro della e\/Sportech in Europa<\/strong><\/p><p>Riunendo i principali protagonisti dello sport, della tecnologia e del videogame, la French Tech Italy conferma il suo ruolo centrale nell\u2019animazione dell\u2019ecosistema franco-italiano.<br \/>Questa giornata ha messo in luce:<\/p><ul><li>il potenziale del mercato <strong>Sportech<\/strong> in Europa<\/li><li>la crescita dell\u2019esport<strong>esport<\/strong><\/li><li>il ruolo delle startup e degli investitori<\/li><li>la necessit\u00e0 di cooperazioni europee strutturate<\/li><\/ul><p>Un appuntamento che apre la strada a nuove sinergie e a futuri progetti ambiziosi tra Francia e Italia.<\/p>\t\t\t\t\t\t\t\t<\/div>\n\t\t\t\t<\/div>\n\t\t\t\t<div class=\"elementor-element elementor-element-6ddeade elementor-widget elementor-widget-image\" data-id=\"6ddeade\" data-element_type=\"widget\" data-e-type=\"widget\" data-widget_type=\"image.default\">\n\t\t\t\t<div class=\"elementor-widget-container\">\n\t\t\t\t\t\t\t\t\t\t\t\t\t\t\t<img decoding=\"async\" width=\"2048\" height=\"1365\" src=\"https:\/\/lafrenchtechitaly.com\/wp-content\/uploads\/2024\/06\/FRENCH_TECH_ITALY-328-2048x1365.jpg\" class=\"attachment-2048x2048 size-2048x2048 wp-image-988265\" alt=\"\" srcset=\"\" sizes=\"(max-width: 2048px) 100vw, 2048px\" data-srcset=\"\" \/>\t\t\t\t\t\t\t\t\t\t\t\t\t\t\t<\/div>\n\t\t\t\t<\/div>\n\t\t\t\t\t<\/div>\n\t\t<\/div>\n\t\t\t\t\t<\/div>\n\t\t<\/section>\n\t\t\t\t<\/div>","protected":false},"excerpt":{"rendered":"<p>La French Tech Italy ha organizzato una mattinata dedicata a Sportech e esport, riunendo imprenditori... <\/p>","protected":false},"author":1,"featured_media":988243,"comment_status":"open","ping_status":"open","sticky":false,"template":"","format":"standard","meta":{"footnotes":""},"categories":[65],"tags":[],"class_list":["post-7025","post","type-post","status-publish","format-standard","has-post-thumbnail","hentry","category-evenements"],"yoast_head":"<!-- This site is optimized with the Yoast SEO plugin v27.4 - https:\/\/yoast.com\/product\/yoast-seo-wordpress\/ -->\n<title>e-Sportech &amp; Esport: Rencontres \u00e0 Rome | French Tech Italy<\/title>\n<meta name=\"description\" content=\"La French Tech Italy r\u00e9unit \u00e0 Rome start-ups, investisseurs et experts de la Sportech pour explorer les d\u00e9fis et opportunit\u00e9s de l\u2019e-sport et de l\u2019innovation.\" \/>\n<meta name=\"robots\" content=\"index, follow, max-snippet:-1, max-image-preview:large, max-video-preview:-1\" \/>\n<link rel=\"canonical\" href=\"https:\/\/lafrenchtechitaly.com\/it\/incontri-e-sfide-intorno-a-e-sportech-french-tech-italy-riunisce-il-sistema-italo-francese-a-roma\/\" \/>\n<meta property=\"og:locale\" content=\"it_IT\" \/>\n<meta property=\"og:type\" content=\"article\" \/>\n<meta property=\"og:title\" content=\"e-Sportech &amp; Esport: Rencontres \u00e0 Rome | French Tech Italy\" \/>\n<meta property=\"og:description\" content=\"La French Tech Italy r\u00e9unit \u00e0 Rome start-ups, investisseurs et experts de la Sportech pour explorer les d\u00e9fis et opportunit\u00e9s de l\u2019e-sport et de l\u2019innovation.\" \/>\n<meta property=\"og:url\" content=\"https:\/\/lafrenchtechitaly.com\/it\/incontri-e-sfide-intorno-a-e-sportech-french-tech-italy-riunisce-il-sistema-italo-francese-a-roma\/\" \/>\n<meta property=\"og:site_name\" content=\"La French Tech Italy\" \/>\n<meta property=\"article:published_time\" content=\"2024-06-17T13:12:00+00:00\" \/>\n<meta property=\"article:modified_time\" content=\"2025-12-09T13:22:20+00:00\" \/>\n<meta property=\"og:image\" content=\"https:\/\/lafrenchtechitaly.com\/wp-content\/uploads\/2024\/06\/French_Tech_Italy_Event_2.jpg\" \/>\n\t<meta property=\"og:image:width\" content=\"1500\" \/>\n\t<meta property=\"og:image:height\" content=\"926\" \/>\n\t<meta property=\"og:image:type\" content=\"image\/jpeg\" \/>\n<meta name=\"author\" content=\"La French Tech Italy\" \/>\n<meta name=\"twitter:card\" content=\"summary_large_image\" \/>\n<meta name=\"twitter:label1\" content=\"Scritto da\" \/>\n\t<meta name=\"twitter:data1\" content=\"La French Tech Italy\" \/>\n\t<meta name=\"twitter:label2\" content=\"Tempo di lettura stimato\" \/>\n\t<meta name=\"twitter:data2\" content=\"4 minuti\" \/>\n<script type=\"application\/ld+json\" class=\"yoast-schema-graph\">{\"@context\":\"https:\\\/\\\/schema.org\",\"@graph\":[{\"@type\":\"Article\",\"@id\":\"https:\\\/\\\/lafrenchtechitaly.com\\\/rencontres-et-defis-autour-du-e-sportech-la-french-tech-italy-reunit-lecosysteme-franco-italien-a-rome\\\/#article\",\"isPartOf\":{\"@id\":\"https:\\\/\\\/lafrenchtechitaly.com\\\/rencontres-et-defis-autour-du-e-sportech-la-french-tech-italy-reunit-lecosysteme-franco-italien-a-rome\\\/\"},\"author\":{\"name\":\"La French Tech Italy\",\"@id\":\"https:\\\/\\\/lafrenchtechitaly.com\\\/#\\\/schema\\\/person\\\/a6a98e7896abbfea32899e1d70b4a54e\"},\"headline\":\"Rencontres et D\u00e9fis autour du e\\\/Sportech : la French Tech Italy r\u00e9unit l\u2019\u00e9cosyst\u00e8me franco-italien \u00e0 Rome\",\"datePublished\":\"2024-06-17T13:12:00+00:00\",\"dateModified\":\"2025-12-09T13:22:20+00:00\",\"mainEntityOfPage\":{\"@id\":\"https:\\\/\\\/lafrenchtechitaly.com\\\/rencontres-et-defis-autour-du-e-sportech-la-french-tech-italy-reunit-lecosysteme-franco-italien-a-rome\\\/\"},\"wordCount\":755,\"commentCount\":1,\"publisher\":{\"@id\":\"https:\\\/\\\/lafrenchtechitaly.com\\\/#organization\"},\"image\":{\"@id\":\"https:\\\/\\\/lafrenchtechitaly.com\\\/rencontres-et-defis-autour-du-e-sportech-la-french-tech-italy-reunit-lecosysteme-franco-italien-a-rome\\\/#primaryimage\"},\"thumbnailUrl\":\"https:\\\/\\\/lafrenchtechitaly.com\\\/wp-content\\\/uploads\\\/2024\\\/06\\\/French_Tech_Italy_Event_2.jpg\",\"articleSection\":[\"\u00c9v\u00e8nements\"],\"inLanguage\":\"it-IT\",\"potentialAction\":[{\"@type\":\"CommentAction\",\"name\":\"Comment\",\"target\":[\"https:\\\/\\\/lafrenchtechitaly.com\\\/rencontres-et-defis-autour-du-e-sportech-la-french-tech-italy-reunit-lecosysteme-franco-italien-a-rome\\\/#respond\"]}]},{\"@type\":\"WebPage\",\"@id\":\"https:\\\/\\\/lafrenchtechitaly.com\\\/rencontres-et-defis-autour-du-e-sportech-la-french-tech-italy-reunit-lecosysteme-franco-italien-a-rome\\\/\",\"url\":\"https:\\\/\\\/lafrenchtechitaly.com\\\/rencontres-et-defis-autour-du-e-sportech-la-french-tech-italy-reunit-lecosysteme-franco-italien-a-rome\\\/\",\"name\":\"e-Sportech & Esport: Rencontres \u00e0 Rome | French Tech Italy\",\"isPartOf\":{\"@id\":\"https:\\\/\\\/lafrenchtechitaly.com\\\/#website\"},\"primaryImageOfPage\":{\"@id\":\"https:\\\/\\\/lafrenchtechitaly.com\\\/rencontres-et-defis-autour-du-e-sportech-la-french-tech-italy-reunit-lecosysteme-franco-italien-a-rome\\\/#primaryimage\"},\"image\":{\"@id\":\"https:\\\/\\\/lafrenchtechitaly.com\\\/rencontres-et-defis-autour-du-e-sportech-la-french-tech-italy-reunit-lecosysteme-franco-italien-a-rome\\\/#primaryimage\"},\"thumbnailUrl\":\"https:\\\/\\\/lafrenchtechitaly.com\\\/wp-content\\\/uploads\\\/2024\\\/06\\\/French_Tech_Italy_Event_2.jpg\",\"datePublished\":\"2024-06-17T13:12:00+00:00\",\"dateModified\":\"2025-12-09T13:22:20+00:00\",\"description\":\"La French Tech Italy r\u00e9unit \u00e0 Rome start-ups, investisseurs et experts de la Sportech pour explorer les d\u00e9fis et opportunit\u00e9s de l\u2019e-sport et de l\u2019innovation.\",\"breadcrumb\":{\"@id\":\"https:\\\/\\\/lafrenchtechitaly.com\\\/rencontres-et-defis-autour-du-e-sportech-la-french-tech-italy-reunit-lecosysteme-franco-italien-a-rome\\\/#breadcrumb\"},\"inLanguage\":\"it-IT\",\"potentialAction\":[{\"@type\":\"ReadAction\",\"target\":[\"https:\\\/\\\/lafrenchtechitaly.com\\\/rencontres-et-defis-autour-du-e-sportech-la-french-tech-italy-reunit-lecosysteme-franco-italien-a-rome\\\/\"]}]},{\"@type\":\"ImageObject\",\"inLanguage\":\"it-IT\",\"@id\":\"https:\\\/\\\/lafrenchtechitaly.com\\\/rencontres-et-defis-autour-du-e-sportech-la-french-tech-italy-reunit-lecosysteme-franco-italien-a-rome\\\/#primaryimage\",\"url\":\"https:\\\/\\\/lafrenchtechitaly.com\\\/wp-content\\\/uploads\\\/2024\\\/06\\\/French_Tech_Italy_Event_2.jpg\",\"contentUrl\":\"https:\\\/\\\/lafrenchtechitaly.com\\\/wp-content\\\/uploads\\\/2024\\\/06\\\/French_Tech_Italy_Event_2.jpg\",\"width\":1500,\"height\":926},{\"@type\":\"BreadcrumbList\",\"@id\":\"https:\\\/\\\/lafrenchtechitaly.com\\\/rencontres-et-defis-autour-du-e-sportech-la-french-tech-italy-reunit-lecosysteme-franco-italien-a-rome\\\/#breadcrumb\",\"itemListElement\":[{\"@type\":\"ListItem\",\"position\":1,\"name\":\"Accueil\",\"item\":\"https:\\\/\\\/lafrenchtechitaly.com\\\/\"},{\"@type\":\"ListItem\",\"position\":2,\"name\":\"Rencontres et D\u00e9fis autour du e\\\/Sportech : la French Tech Italy r\u00e9unit l\u2019\u00e9cosyst\u00e8me franco-italien \u00e0 Rome\"}]},{\"@type\":\"WebSite\",\"@id\":\"https:\\\/\\\/lafrenchtechitaly.com\\\/#website\",\"url\":\"https:\\\/\\\/lafrenchtechitaly.com\\\/\",\"name\":\"La French Tech Italy\",\"description\":\"Le r\u00e9seau tech qui unit France et Italie\",\"publisher\":{\"@id\":\"https:\\\/\\\/lafrenchtechitaly.com\\\/#organization\"},\"potentialAction\":[{\"@type\":\"SearchAction\",\"target\":{\"@type\":\"EntryPoint\",\"urlTemplate\":\"https:\\\/\\\/lafrenchtechitaly.com\\\/?s={search_term_string}\"},\"query-input\":{\"@type\":\"PropertyValueSpecification\",\"valueRequired\":true,\"valueName\":\"search_term_string\"}}],\"inLanguage\":\"it-IT\"},{\"@type\":\"Organization\",\"@id\":\"https:\\\/\\\/lafrenchtechitaly.com\\\/#organization\",\"name\":\"La French Tech Italy\",\"url\":\"https:\\\/\\\/lafrenchtechitaly.com\\\/\",\"logo\":{\"@type\":\"ImageObject\",\"inLanguage\":\"it-IT\",\"@id\":\"https:\\\/\\\/lafrenchtechitaly.com\\\/#\\\/schema\\\/logo\\\/image\\\/\",\"url\":\"https:\\\/\\\/lafrenchtechitaly.com\\\/wp-content\\\/uploads\\\/2025\\\/12\\\/LOGO_FT_1.png\",\"contentUrl\":\"https:\\\/\\\/lafrenchtechitaly.com\\\/wp-content\\\/uploads\\\/2025\\\/12\\\/LOGO_FT_1.png\",\"width\":351,\"height\":121,\"caption\":\"La French Tech Italy\"},\"image\":{\"@id\":\"https:\\\/\\\/lafrenchtechitaly.com\\\/#\\\/schema\\\/logo\\\/image\\\/\"},\"sameAs\":[\"https:\\\/\\\/www.linkedin.com\\\/company\\\/la-french-tech-italy\\\/\"]},{\"@type\":\"Person\",\"@id\":\"https:\\\/\\\/lafrenchtechitaly.com\\\/#\\\/schema\\\/person\\\/a6a98e7896abbfea32899e1d70b4a54e\",\"name\":\"La French Tech Italy\",\"image\":{\"@type\":\"ImageObject\",\"inLanguage\":\"it-IT\",\"@id\":\"https:\\\/\\\/secure.gravatar.com\\\/avatar\\\/45b0b04d00f46a783ee320d1dcabec584c03a098467fd085fd45a3aad1769f6e?s=96&d=mm&r=g\",\"url\":\"https:\\\/\\\/secure.gravatar.com\\\/avatar\\\/45b0b04d00f46a783ee320d1dcabec584c03a098467fd085fd45a3aad1769f6e?s=96&d=mm&r=g\",\"contentUrl\":\"https:\\\/\\\/secure.gravatar.com\\\/avatar\\\/45b0b04d00f46a783ee320d1dcabec584c03a098467fd085fd45a3aad1769f6e?s=96&d=mm&r=g\",\"caption\":\"La French Tech Italy\"},\"sameAs\":[\"https:\\\/\\\/lafrenchtechitaly.com\"],\"url\":\"https:\\\/\\\/lafrenchtechitaly.com\\\/it\\\/author\\\/admin2042\\\/\"}]}<\/script>\n<!-- \/ Yoast SEO plugin. -->","yoast_head_json":{"title":"e-Sportech &amp; Esport: incontri a Roma | French Tech Italia","description":"French Tech Italy riunisce a Roma start-up, investitori ed esperti di Sportech per esplorare le sfide e le opportunit\u00e0 dell'e-sport e dell'innovazione.","robots":{"index":"index","follow":"follow","max-snippet":"max-snippet:-1","max-image-preview":"max-image-preview:large","max-video-preview":"max-video-preview:-1"},"canonical":"https:\/\/lafrenchtechitaly.com\/it\/incontri-e-sfide-intorno-a-e-sportech-french-tech-italy-riunisce-il-sistema-italo-francese-a-roma\/","og_locale":"it_IT","og_type":"article","og_title":"e-Sportech & Esport: Rencontres \u00e0 Rome | French Tech Italy","og_description":"La French Tech Italy r\u00e9unit \u00e0 Rome start-ups, investisseurs et experts de la Sportech pour explorer les d\u00e9fis et opportunit\u00e9s de l\u2019e-sport et de l\u2019innovation.","og_url":"https:\/\/lafrenchtechitaly.com\/it\/incontri-e-sfide-intorno-a-e-sportech-french-tech-italy-riunisce-il-sistema-italo-francese-a-roma\/","og_site_name":"La French Tech Italy","article_published_time":"2024-06-17T13:12:00+00:00","article_modified_time":"2025-12-09T13:22:20+00:00","og_image":[{"width":1500,"height":926,"url":"https:\/\/lafrenchtechitaly.com\/wp-content\/uploads\/2024\/06\/French_Tech_Italy_Event_2.jpg","type":"image\/jpeg"}],"author":"La French Tech Italy","twitter_card":"summary_large_image","twitter_misc":{"Scritto da":"La French Tech Italy","Tempo di lettura stimato":"4 minuti"},"schema":{"@context":"https:\/\/schema.org","@graph":[{"@type":"Article","@id":"https:\/\/lafrenchtechitaly.com\/rencontres-et-defis-autour-du-e-sportech-la-french-tech-italy-reunit-lecosysteme-franco-italien-a-rome\/#article","isPartOf":{"@id":"https:\/\/lafrenchtechitaly.com\/rencontres-et-defis-autour-du-e-sportech-la-french-tech-italy-reunit-lecosysteme-franco-italien-a-rome\/"},"author":{"name":"La French Tech Italy","@id":"https:\/\/lafrenchtechitaly.com\/#\/schema\/person\/a6a98e7896abbfea32899e1d70b4a54e"},"headline":"Rencontres et D\u00e9fis autour du e\/Sportech : la French Tech Italy r\u00e9unit l\u2019\u00e9cosyst\u00e8me franco-italien \u00e0 Rome","datePublished":"2024-06-17T13:12:00+00:00","dateModified":"2025-12-09T13:22:20+00:00","mainEntityOfPage":{"@id":"https:\/\/lafrenchtechitaly.com\/rencontres-et-defis-autour-du-e-sportech-la-french-tech-italy-reunit-lecosysteme-franco-italien-a-rome\/"},"wordCount":755,"commentCount":1,"publisher":{"@id":"https:\/\/lafrenchtechitaly.com\/#organization"},"image":{"@id":"https:\/\/lafrenchtechitaly.com\/rencontres-et-defis-autour-du-e-sportech-la-french-tech-italy-reunit-lecosysteme-franco-italien-a-rome\/#primaryimage"},"thumbnailUrl":"https:\/\/lafrenchtechitaly.com\/wp-content\/uploads\/2024\/06\/French_Tech_Italy_Event_2.jpg","articleSection":["\u00c9v\u00e8nements"],"inLanguage":"it-IT","potentialAction":[{"@type":"CommentAction","name":"Comment","target":["https:\/\/lafrenchtechitaly.com\/rencontres-et-defis-autour-du-e-sportech-la-french-tech-italy-reunit-lecosysteme-franco-italien-a-rome\/#respond"]}]},{"@type":"WebPage","@id":"https:\/\/lafrenchtechitaly.com\/rencontres-et-defis-autour-du-e-sportech-la-french-tech-italy-reunit-lecosysteme-franco-italien-a-rome\/","url":"https:\/\/lafrenchtechitaly.com\/rencontres-et-defis-autour-du-e-sportech-la-french-tech-italy-reunit-lecosysteme-franco-italien-a-rome\/","name":"e-Sportech &amp; Esport: incontri a Roma | French Tech Italia","isPartOf":{"@id":"https:\/\/lafrenchtechitaly.com\/#website"},"primaryImageOfPage":{"@id":"https:\/\/lafrenchtechitaly.com\/rencontres-et-defis-autour-du-e-sportech-la-french-tech-italy-reunit-lecosysteme-franco-italien-a-rome\/#primaryimage"},"image":{"@id":"https:\/\/lafrenchtechitaly.com\/rencontres-et-defis-autour-du-e-sportech-la-french-tech-italy-reunit-lecosysteme-franco-italien-a-rome\/#primaryimage"},"thumbnailUrl":"https:\/\/lafrenchtechitaly.com\/wp-content\/uploads\/2024\/06\/French_Tech_Italy_Event_2.jpg","datePublished":"2024-06-17T13:12:00+00:00","dateModified":"2025-12-09T13:22:20+00:00","description":"French Tech Italy riunisce a Roma start-up, investitori ed esperti di Sportech per esplorare le sfide e le opportunit\u00e0 dell'e-sport e dell'innovazione.","breadcrumb":{"@id":"https:\/\/lafrenchtechitaly.com\/rencontres-et-defis-autour-du-e-sportech-la-french-tech-italy-reunit-lecosysteme-franco-italien-a-rome\/#breadcrumb"},"inLanguage":"it-IT","potentialAction":[{"@type":"ReadAction","target":["https:\/\/lafrenchtechitaly.com\/rencontres-et-defis-autour-du-e-sportech-la-french-tech-italy-reunit-lecosysteme-franco-italien-a-rome\/"]}]},{"@type":"ImageObject","inLanguage":"it-IT","@id":"https:\/\/lafrenchtechitaly.com\/rencontres-et-defis-autour-du-e-sportech-la-french-tech-italy-reunit-lecosysteme-franco-italien-a-rome\/#primaryimage","url":"https:\/\/lafrenchtechitaly.com\/wp-content\/uploads\/2024\/06\/French_Tech_Italy_Event_2.jpg","contentUrl":"https:\/\/lafrenchtechitaly.com\/wp-content\/uploads\/2024\/06\/French_Tech_Italy_Event_2.jpg","width":1500,"height":926},{"@type":"BreadcrumbList","@id":"https:\/\/lafrenchtechitaly.com\/rencontres-et-defis-autour-du-e-sportech-la-french-tech-italy-reunit-lecosysteme-franco-italien-a-rome\/#breadcrumb","itemListElement":[{"@type":"ListItem","position":1,"name":"Accueil","item":"https:\/\/lafrenchtechitaly.com\/"},{"@type":"ListItem","position":2,"name":"Rencontres et D\u00e9fis autour du e\/Sportech : la French Tech Italy r\u00e9unit l\u2019\u00e9cosyst\u00e8me franco-italien \u00e0 Rome"}]},{"@type":"WebSite","@id":"https:\/\/lafrenchtechitaly.com\/#website","url":"https:\/\/lafrenchtechitaly.com\/","name":"La French Tech Italy","description":"La rete tecnologica che unisce Francia e Italia","publisher":{"@id":"https:\/\/lafrenchtechitaly.com\/#organization"},"potentialAction":[{"@type":"SearchAction","target":{"@type":"EntryPoint","urlTemplate":"https:\/\/lafrenchtechitaly.com\/?s={search_term_string}"},"query-input":{"@type":"PropertyValueSpecification","valueRequired":true,"valueName":"search_term_string"}}],"inLanguage":"it-IT"},{"@type":"Organization","@id":"https:\/\/lafrenchtechitaly.com\/#organization","name":"La French Tech Italy","url":"https:\/\/lafrenchtechitaly.com\/","logo":{"@type":"ImageObject","inLanguage":"it-IT","@id":"https:\/\/lafrenchtechitaly.com\/#\/schema\/logo\/image\/","url":"https:\/\/lafrenchtechitaly.com\/wp-content\/uploads\/2025\/12\/LOGO_FT_1.png","contentUrl":"https:\/\/lafrenchtechitaly.com\/wp-content\/uploads\/2025\/12\/LOGO_FT_1.png","width":351,"height":121,"caption":"La French Tech Italy"},"image":{"@id":"https:\/\/lafrenchtechitaly.com\/#\/schema\/logo\/image\/"},"sameAs":["https:\/\/www.linkedin.com\/company\/la-french-tech-italy\/"]},{"@type":"Person","@id":"https:\/\/lafrenchtechitaly.com\/#\/schema\/person\/a6a98e7896abbfea32899e1d70b4a54e","name":"La French Tech Italy","image":{"@type":"ImageObject","inLanguage":"it-IT","@id":"https:\/\/secure.gravatar.com\/avatar\/45b0b04d00f46a783ee320d1dcabec584c03a098467fd085fd45a3aad1769f6e?s=96&d=mm&r=g","url":"https:\/\/secure.gravatar.com\/avatar\/45b0b04d00f46a783ee320d1dcabec584c03a098467fd085fd45a3aad1769f6e?s=96&d=mm&r=g","contentUrl":"https:\/\/secure.gravatar.com\/avatar\/45b0b04d00f46a783ee320d1dcabec584c03a098467fd085fd45a3aad1769f6e?s=96&d=mm&r=g","caption":"La French Tech Italy"},"sameAs":["https:\/\/lafrenchtechitaly.com"],"url":"https:\/\/lafrenchtechitaly.com\/it\/author\/admin2042\/"}]}},"_links":{"self":[{"href":"https:\/\/lafrenchtechitaly.com\/it\/wp-json\/wp\/v2\/posts\/7025","targetHints":{"allow":["GET"]}}],"collection":[{"href":"https:\/\/lafrenchtechitaly.com\/it\/wp-json\/wp\/v2\/posts"}],"about":[{"href":"https:\/\/lafrenchtechitaly.com\/it\/wp-json\/wp\/v2\/types\/post"}],"author":[{"embeddable":true,"href":"https:\/\/lafrenchtechitaly.com\/it\/wp-json\/wp\/v2\/users\/1"}],"replies":[{"embeddable":true,"href":"https:\/\/lafrenchtechitaly.com\/it\/wp-json\/wp\/v2\/comments?post=7025"}],"version-history":[{"count":23,"href":"https:\/\/lafrenchtechitaly.com\/it\/wp-json\/wp\/v2\/posts\/7025\/revisions"}],"predecessor-version":[{"id":988635,"href":"https:\/\/lafrenchtechitaly.com\/it\/wp-json\/wp\/v2\/posts\/7025\/revisions\/988635"}],"wp:featuredmedia":[{"embeddable":true,"href":"https:\/\/lafrenchtechitaly.com\/it\/wp-json\/wp\/v2\/media\/988243"}],"wp:attachment":[{"href":"https:\/\/lafrenchtechitaly.com\/it\/wp-json\/wp\/v2\/media?parent=7025"}],"wp:term":[{"taxonomy":"category","embeddable":true,"href":"https:\/\/lafrenchtechitaly.com\/it\/wp-json\/wp\/v2\/categories?post=7025"},{"taxonomy":"post_tag","embeddable":true,"href":"https:\/\/lafrenchtechitaly.com\/it\/wp-json\/wp\/v2\/tags?post=7025"}],"curies":[{"name":"wp","href":"https:\/\/api.w.org\/{rel}","templated":true}]}}