{"id":7027,"date":"2023-07-17T15:10:48","date_gmt":"2023-07-17T15:10:48","guid":{"rendered":"https:\/\/beratung.vamtam.com\/?p=7027"},"modified":"2025-12-09T14:25:42","modified_gmt":"2025-12-09T13:25:42","slug":"french-tech-milano-diventa-french-tech-italy-un-nuovo-palcoscenico-per-il-techcosystem-franco-italiano","status":"publish","type":"post","link":"https:\/\/lafrenchtechitaly.com\/it\/la-french-tech-milan-devient-la-french-tech-italy-une-nouvelle-etape-pour-lecosysteme-tech-franco-italien\/","title":{"rendered":"La French Tech Milan diventa French Tech Italy : una nuova tappa per l\u2019ecosistema tech franco-italiano"},"content":{"rendered":"<div data-elementor-type=\"wp-post\" data-elementor-id=\"7027\" class=\"elementor elementor-7027\" data-elementor-post-type=\"post\">\n\t\t\t\t\t\t<section class=\"elementor-section elementor-top-section elementor-element elementor-element-2cbc948d elementor-section-boxed elementor-section-height-default elementor-section-height-default\" data-id=\"2cbc948d\" data-element_type=\"section\" data-e-type=\"section\">\n\t\t\t\t\t\t<div class=\"elementor-container elementor-column-gap-no\">\n\t\t\t\t\t<div class=\"elementor-column elementor-col-100 elementor-top-column elementor-element elementor-element-3a6412f9\" data-id=\"3a6412f9\" data-element_type=\"column\" data-e-type=\"column\">\n\t\t\t<div class=\"elementor-widget-wrap elementor-element-populated\">\n\t\t\t\t\t\t<div class=\"vamtam-has-theme-widget-styles elementor-element elementor-element-be727d elementor-widget elementor-widget-text-editor\" data-id=\"be727d\" data-element_type=\"widget\" data-e-type=\"widget\" data-widget_type=\"text-editor.default\">\n\t\t\t\t<div class=\"elementor-widget-container\">\n\t\t\t\t\t\t\t\t\t<p>La French Tech Milan raggiunge una tappa fondamentale: la comunit\u00e0 ottiene il <strong>il rinnovo del suo statuto<\/strong> e vede il proprio perimetro estendersi all\u2019intero territorio italiano. La <strong>Missione French Tech<\/strong>, collegata al Ministero francese dell\u2019Economia, delle Finanze e della Sovranit\u00e0 industriale e digitale, ha ufficialmente attribuito alla nostra comunit\u00e0 il <strong>label \u201cFrench Tech Italy\u201d<\/strong> per una durata di <strong>3 anni (2023\u20132025)<\/strong>.<\/p>\n<p>Questa decisione rappresenta un forte riconoscimento del dinamismo della French Tech in Italia e del suo ruolo nell\u2019accelerare le innovazioni tecnologiche tra i due Paesi.<\/p>\t\t\t\t\t\t\t\t<\/div>\n\t\t\t\t<\/div>\n\t\t\t\t<div class=\"elementor-element elementor-element-37e6d25c elementor-widget elementor-widget-image\" data-id=\"37e6d25c\" data-element_type=\"widget\" data-e-type=\"widget\" data-widget_type=\"image.default\">\n\t\t\t\t<div class=\"elementor-widget-container\">\n\t\t\t\t\t\t\t\t\t\t\t\t\t\t\t<img fetchpriority=\"high\" decoding=\"async\" width=\"2048\" height=\"1365\" src=\"https:\/\/lafrenchtechitaly.com\/wp-content\/uploads\/2023\/07\/FRENCH_TECH_ITALY-545-2048x1365.jpg\" class=\"attachment-2048x2048 size-2048x2048 wp-image-988277\" alt=\"\" srcset=\"\" sizes=\"(max-width: 2048px) 100vw, 2048px\" data-srcset=\"\" \/>\t\t\t\t\t\t\t\t\t\t\t\t\t\t\t<\/div>\n\t\t\t\t<\/div>\n\t\t\t\t<div class=\"elementor-element elementor-element-36dda77 elementor-widget elementor-widget-heading\" data-id=\"36dda77\" data-element_type=\"widget\" data-e-type=\"widget\" data-widget_type=\"heading.default\">\n\t\t\t\t<div class=\"elementor-widget-container\">\n\t\t\t\t\t<h3 class=\"elementor-heading-title elementor-size-default\">Una comunit\u00e0 nata a Milano, oggi attiva in tutta Italia.<\/h3>\t\t\t\t<\/div>\n\t\t\t\t<\/div>\n\t\t\t\t<div class=\"vamtam-has-theme-widget-styles elementor-element elementor-element-45836ba7 elementor-widget elementor-widget-text-editor\" data-id=\"45836ba7\" data-element_type=\"widget\" data-e-type=\"widget\" data-widget_type=\"text-editor.default\">\n\t\t\t\t<div class=\"elementor-widget-container\">\n\t\t\t\t\t\t\t\t\t<p>Crata nel 2016 <strong>2016<\/strong>, la French Tech Milan aveva come missione quella di riunire le imprese francesi innovative presenti nella capitale economica italiana. Forte della sua crescita e dell\u2019impegno dei suoi membri, diventa oggi <strong>French Tech Italy<\/strong>, con un\u2019ambizione rafforzata:<\/p>\n<ul>\n<li><strong>aggregare<\/strong> le startup e scale-up francesi presenti in Italia,<\/li>\n<li><strong>promuovere<\/strong> il loro know-how e il loro ruolo nell\u2019innovazione,<\/li>\n<li><strong>coordinare<\/strong> un ecosistema nazionale connesso agli attori pubblici e privati italiani,<\/li>\n<li><strong>rinforzare<\/strong> gli scambi bilaterali legati alle sfide tecnologiche.<\/li>\n<\/ul>\n<p>La French Tech Italy si unisce cos\u00ec alle <strong>67 Comunit\u00e0 French Tech internazionali<\/strong> che hanno ottenuto il prestigioso label rilasciato dallo Stato francese.<\/p>\n<p><strong>Un ecosistema gi\u00e0 solidamente radicato<\/strong><\/p>\n<p>La French Tech in Italia rappresenta oggi:<\/p>\n<ul>\n<li>piu di <strong>90 startups e scale-ups<\/strong>,<\/li>\n<li>attive in diversi settori: <strong>FinTech, e-commerce, RetailTech, marketing digital, IT services<\/strong>, etc.,<\/li>\n<li>una presenza in diverse regioni chiave: <strong>Lombardia, Lazio, Campania<\/strong>, attraverso i membri del board.<\/li>\n<\/ul>\n<p>L\u2019obiettivo per i prossimi anni \u00e8 chiaro: estendere la comunit\u00e0 all\u2019intera penisola e rafforzare la visibilit\u00e0 degli imprenditori francesi su tutto il territorio.<\/p>\n<p><strong>Un label che conferma il dinamismo della comunit\u00e0<\/strong><\/p>\n<p>All\u2019annuncio di questa nuova tappa, <strong>Paola Trecarichi<\/strong>, la Presidente della French Tech Italy, ha sottolineato l\u2019importanza di questo riconoscimento:<\/p>\n<p><strong>\u00ab Il rinnovo dello status della French Tech Italy rappresenta una nuova fase per la nostra comunit\u00e0. Conferma l\u2019importanza della nostra missione: favorire il dialogo, lo scambio e la collaborazione attorno all\u2019innovazione e alla trasformazione digitale in corso nei nostri due Paesi. \u00bb<\/strong><\/p>\n<p>Questo label valorizza anche l\u2019impegno dei numerosi volontari che hanno contribuito a strutturare e animare la French Tech su tutto il territorio italiano.<\/p>\n<p><strong>Un allineamento strategico franco-italiano: innovazione, digitale ed economia verde<\/strong><\/p>\n<p>La collaborazione tra Francia e Italia si \u00e8 intensificata dopo la firma del <strong>Trattato del Quirinale<\/strong>, il 26 novembre 2021. Esso pone esplicitamente l\u2019innovazione, la transizione digitale e la <strong>green economy<\/strong> al centro delle priorit\u00e0 comuni.<\/p>\n<p>In questo contesto, la French Tech Italy ha un ruolo chiave: connettere gli imprenditori, creare ponti tecnologici e sostenere le iniziative sostenibili.<\/p>\n<p><strong>Verso un\u2019Europa pi\u00f9 tecnologica e pi\u00f9 sostenibile<\/strong><\/p>\n<p>Come ricordato da <strong>Christian Masset, Ambasciatore di Francia in Italia<\/strong>, lo sviluppo di un ecosistema integrato tra la tech italiana e quella francese rappresenta un fattore essenziale per il futuro economico dell\u2019Europa:<\/p>\n<p><strong>\u00ab Lo sviluppo di un ecosistema integrato tra la tech italiana e quella francese \u00e8 fondamentale per la crescita economica e sociale dei nostri Paesi e dell\u2019Unione Europea. Ed \u00e8 proprio questo l\u2019obiettivo della comunit\u00e0 French Tech Italy. \u00bb<\/strong><\/p>\n<p>Oggi, Francia e Italia si basano insieme su un ecosistema comune di <strong>35 000 startup innovanti<\/strong>, vettore di un dinamismo economico crescente e di una cooperazione strategica.<\/p>\n<p><strong>Una nuova fase che apre nuove prospettive<\/strong><\/p>\n<p>Con il suo nuovo status, <strong>la French Tech Italy<\/strong> punta a:<\/p>\n<ul>\n<li>riunire un numero ancora maggiore di imprenditori su tutto il territorio italiano,<\/li>\n<li>rafforzare le partnership istituzionali e private,<\/li>\n<li>valorizzare le innovazioni sostenibili,<\/li>\n<li>sostenere le iniziative bilaterali tra i due Paesi,<\/li>\n<li>contribuire alla costruzione di un\u2019Europa digitale forte e sovrana.<\/li>\n<\/ul>\n<p>Questa evoluzione segna una svolta importante nella storia della comunit\u00e0 e apre la strada a nuove collaborazioni, progetti e opportunit\u00e0 per tutti gli attori del settore tech in Italia.<\/p>\n<p>Parallelamente, i costi di marketing hanno registrato una traiettoria al rialzo. Secondo i dati raccolti nella nostra indagine di dicembre rivolta ai Chief Marketing Officers (CMO), il costo medio per clic ha registrato un aumento significativo di 20 punti percentuali nel 2022 rispetto all\u2019anno precedente.<\/p>\t\t\t\t\t\t\t\t<\/div>\n\t\t\t\t<\/div>\n\t\t\t\t<div class=\"elementor-element elementor-element-1554547 elementor-widget elementor-widget-image\" data-id=\"1554547\" data-element_type=\"widget\" data-e-type=\"widget\" data-widget_type=\"image.default\">\n\t\t\t\t<div class=\"elementor-widget-container\">\n\t\t\t\t\t\t\t\t\t\t\t\t\t\t\t<img decoding=\"async\" width=\"2048\" height=\"1365\" src=\"https:\/\/lafrenchtechitaly.com\/wp-content\/uploads\/2023\/07\/FRENCH_TECH_ITALY-44-2048x1365.jpg\" class=\"attachment-2048x2048 size-2048x2048 wp-image-988281\" alt=\"\" srcset=\"\" sizes=\"(max-width: 2048px) 100vw, 2048px\" data-srcset=\"\" \/>\t\t\t\t\t\t\t\t\t\t\t\t\t\t\t<\/div>\n\t\t\t\t<\/div>\n\t\t\t\t\t<\/div>\n\t\t<\/div>\n\t\t\t\t\t<\/div>\n\t\t<\/section>\n\t\t\t\t<\/div>","protected":false},"excerpt":{"rendered":"<p>La French Tech Milan diventa French Tech Italy : una nuova tappa per l\u2019ecosistema tech franco-italiano<\/p>","protected":false},"author":1,"featured_media":988273,"comment_status":"open","ping_status":"open","sticky":false,"template":"","format":"standard","meta":{"footnotes":""},"categories":[66],"tags":[],"class_list":["post-7027","post","type-post","status-publish","format-standard","has-post-thumbnail","hentry","category-actualites"],"yoast_head":"<!-- This site is optimized with the Yoast SEO plugin v27.4 - https:\/\/yoast.com\/product\/yoast-seo-wordpress\/ -->\n<title>French Tech Milan devient La French Tech Italy \u2013 Nouvelle \u00e9tape pour l\u2019\u00e9cosyst\u00e8me tech<\/title>\n<meta name=\"description\" content=\"D\u00e9couvrez comment French Tech Milan \u00e9volue en French Tech Italy, marquant une nouvelle phase pour l\u2019\u00e9cosyst\u00e8me tech franco-italien. En savoir plus.\" \/>\n<meta name=\"robots\" content=\"index, follow, max-snippet:-1, max-image-preview:large, max-video-preview:-1\" \/>\n<link rel=\"canonical\" href=\"https:\/\/lafrenchtechitaly.com\/it\/french-tech-milano-diventa-french-tech-italy-un-nuovo-palcoscenico-per-il-techcosystem-franco-italiano\/\" \/>\n<meta property=\"og:locale\" content=\"it_IT\" \/>\n<meta property=\"og:type\" content=\"article\" \/>\n<meta property=\"og:title\" content=\"French Tech Milan devient La French Tech Italy \u2013 Nouvelle \u00e9tape pour l\u2019\u00e9cosyst\u00e8me tech\" \/>\n<meta property=\"og:description\" content=\"D\u00e9couvrez comment French Tech Milan \u00e9volue en French Tech Italy, marquant une nouvelle phase pour l\u2019\u00e9cosyst\u00e8me tech franco-italien. En savoir plus.\" \/>\n<meta property=\"og:url\" content=\"https:\/\/lafrenchtechitaly.com\/it\/french-tech-milano-diventa-french-tech-italy-un-nuovo-palcoscenico-per-il-techcosystem-franco-italiano\/\" \/>\n<meta property=\"og:site_name\" content=\"La French Tech Italy\" \/>\n<meta property=\"article:published_time\" content=\"2023-07-17T15:10:48+00:00\" \/>\n<meta property=\"article:modified_time\" content=\"2025-12-09T13:25:42+00:00\" \/>\n<meta property=\"og:image\" content=\"https:\/\/lafrenchtechitaly.com\/wp-content\/uploads\/2023\/07\/French_Tech_Italy_Event_3.jpg\" \/>\n\t<meta property=\"og:image:width\" content=\"1500\" \/>\n\t<meta property=\"og:image:height\" content=\"926\" \/>\n\t<meta property=\"og:image:type\" content=\"image\/jpeg\" \/>\n<meta name=\"author\" content=\"La French Tech Italy\" \/>\n<meta name=\"twitter:card\" content=\"summary_large_image\" \/>\n<meta name=\"twitter:label1\" content=\"Scritto da\" \/>\n\t<meta name=\"twitter:data1\" content=\"La French Tech Italy\" \/>\n\t<meta name=\"twitter:label2\" content=\"Tempo di lettura stimato\" \/>\n\t<meta name=\"twitter:data2\" content=\"4 minuti\" \/>\n<script type=\"application\/ld+json\" class=\"yoast-schema-graph\">{\"@context\":\"https:\\\/\\\/schema.org\",\"@graph\":[{\"@type\":\"Article\",\"@id\":\"https:\\\/\\\/lafrenchtechitaly.com\\\/la-french-tech-milan-devient-la-french-tech-italy-une-nouvelle-etape-pour-lecosysteme-tech-franco-italien\\\/#article\",\"isPartOf\":{\"@id\":\"https:\\\/\\\/lafrenchtechitaly.com\\\/la-french-tech-milan-devient-la-french-tech-italy-une-nouvelle-etape-pour-lecosysteme-tech-franco-italien\\\/\"},\"author\":{\"name\":\"La French Tech Italy\",\"@id\":\"https:\\\/\\\/lafrenchtechitaly.com\\\/#\\\/schema\\\/person\\\/a6a98e7896abbfea32899e1d70b4a54e\"},\"headline\":\"La French Tech Milan devient la French Tech Italy : une nouvelle \u00e9tape pour l\u2019\u00e9cosyst\u00e8me Tech franco-italien\",\"datePublished\":\"2023-07-17T15:10:48+00:00\",\"dateModified\":\"2025-12-09T13:25:42+00:00\",\"mainEntityOfPage\":{\"@id\":\"https:\\\/\\\/lafrenchtechitaly.com\\\/la-french-tech-milan-devient-la-french-tech-italy-une-nouvelle-etape-pour-lecosysteme-tech-franco-italien\\\/\"},\"wordCount\":768,\"commentCount\":1,\"publisher\":{\"@id\":\"https:\\\/\\\/lafrenchtechitaly.com\\\/#organization\"},\"image\":{\"@id\":\"https:\\\/\\\/lafrenchtechitaly.com\\\/la-french-tech-milan-devient-la-french-tech-italy-une-nouvelle-etape-pour-lecosysteme-tech-franco-italien\\\/#primaryimage\"},\"thumbnailUrl\":\"https:\\\/\\\/lafrenchtechitaly.com\\\/wp-content\\\/uploads\\\/2023\\\/07\\\/French_Tech_Italy_Event_3.jpg\",\"articleSection\":[\"Actualit\u00e9s\"],\"inLanguage\":\"it-IT\",\"potentialAction\":[{\"@type\":\"CommentAction\",\"name\":\"Comment\",\"target\":[\"https:\\\/\\\/lafrenchtechitaly.com\\\/la-french-tech-milan-devient-la-french-tech-italy-une-nouvelle-etape-pour-lecosysteme-tech-franco-italien\\\/#respond\"]}]},{\"@type\":\"WebPage\",\"@id\":\"https:\\\/\\\/lafrenchtechitaly.com\\\/la-french-tech-milan-devient-la-french-tech-italy-une-nouvelle-etape-pour-lecosysteme-tech-franco-italien\\\/\",\"url\":\"https:\\\/\\\/lafrenchtechitaly.com\\\/la-french-tech-milan-devient-la-french-tech-italy-une-nouvelle-etape-pour-lecosysteme-tech-franco-italien\\\/\",\"name\":\"French Tech Milan devient La French Tech Italy \u2013 Nouvelle \u00e9tape pour l\u2019\u00e9cosyst\u00e8me tech\",\"isPartOf\":{\"@id\":\"https:\\\/\\\/lafrenchtechitaly.com\\\/#website\"},\"primaryImageOfPage\":{\"@id\":\"https:\\\/\\\/lafrenchtechitaly.com\\\/la-french-tech-milan-devient-la-french-tech-italy-une-nouvelle-etape-pour-lecosysteme-tech-franco-italien\\\/#primaryimage\"},\"image\":{\"@id\":\"https:\\\/\\\/lafrenchtechitaly.com\\\/la-french-tech-milan-devient-la-french-tech-italy-une-nouvelle-etape-pour-lecosysteme-tech-franco-italien\\\/#primaryimage\"},\"thumbnailUrl\":\"https:\\\/\\\/lafrenchtechitaly.com\\\/wp-content\\\/uploads\\\/2023\\\/07\\\/French_Tech_Italy_Event_3.jpg\",\"datePublished\":\"2023-07-17T15:10:48+00:00\",\"dateModified\":\"2025-12-09T13:25:42+00:00\",\"description\":\"D\u00e9couvrez comment French Tech Milan \u00e9volue en French Tech Italy, marquant une nouvelle phase pour l\u2019\u00e9cosyst\u00e8me tech franco-italien. En savoir plus.\",\"breadcrumb\":{\"@id\":\"https:\\\/\\\/lafrenchtechitaly.com\\\/la-french-tech-milan-devient-la-french-tech-italy-une-nouvelle-etape-pour-lecosysteme-tech-franco-italien\\\/#breadcrumb\"},\"inLanguage\":\"it-IT\",\"potentialAction\":[{\"@type\":\"ReadAction\",\"target\":[\"https:\\\/\\\/lafrenchtechitaly.com\\\/la-french-tech-milan-devient-la-french-tech-italy-une-nouvelle-etape-pour-lecosysteme-tech-franco-italien\\\/\"]}]},{\"@type\":\"ImageObject\",\"inLanguage\":\"it-IT\",\"@id\":\"https:\\\/\\\/lafrenchtechitaly.com\\\/la-french-tech-milan-devient-la-french-tech-italy-une-nouvelle-etape-pour-lecosysteme-tech-franco-italien\\\/#primaryimage\",\"url\":\"https:\\\/\\\/lafrenchtechitaly.com\\\/wp-content\\\/uploads\\\/2023\\\/07\\\/French_Tech_Italy_Event_3.jpg\",\"contentUrl\":\"https:\\\/\\\/lafrenchtechitaly.com\\\/wp-content\\\/uploads\\\/2023\\\/07\\\/French_Tech_Italy_Event_3.jpg\",\"width\":1500,\"height\":926},{\"@type\":\"BreadcrumbList\",\"@id\":\"https:\\\/\\\/lafrenchtechitaly.com\\\/la-french-tech-milan-devient-la-french-tech-italy-une-nouvelle-etape-pour-lecosysteme-tech-franco-italien\\\/#breadcrumb\",\"itemListElement\":[{\"@type\":\"ListItem\",\"position\":1,\"name\":\"Accueil\",\"item\":\"https:\\\/\\\/lafrenchtechitaly.com\\\/\"},{\"@type\":\"ListItem\",\"position\":2,\"name\":\"La French Tech Milan devient la French Tech Italy : une nouvelle \u00e9tape pour l\u2019\u00e9cosyst\u00e8me Tech franco-italien\"}]},{\"@type\":\"WebSite\",\"@id\":\"https:\\\/\\\/lafrenchtechitaly.com\\\/#website\",\"url\":\"https:\\\/\\\/lafrenchtechitaly.com\\\/\",\"name\":\"La French Tech Italy\",\"description\":\"Le r\u00e9seau tech qui unit France et Italie\",\"publisher\":{\"@id\":\"https:\\\/\\\/lafrenchtechitaly.com\\\/#organization\"},\"potentialAction\":[{\"@type\":\"SearchAction\",\"target\":{\"@type\":\"EntryPoint\",\"urlTemplate\":\"https:\\\/\\\/lafrenchtechitaly.com\\\/?s={search_term_string}\"},\"query-input\":{\"@type\":\"PropertyValueSpecification\",\"valueRequired\":true,\"valueName\":\"search_term_string\"}}],\"inLanguage\":\"it-IT\"},{\"@type\":\"Organization\",\"@id\":\"https:\\\/\\\/lafrenchtechitaly.com\\\/#organization\",\"name\":\"La French Tech Italy\",\"url\":\"https:\\\/\\\/lafrenchtechitaly.com\\\/\",\"logo\":{\"@type\":\"ImageObject\",\"inLanguage\":\"it-IT\",\"@id\":\"https:\\\/\\\/lafrenchtechitaly.com\\\/#\\\/schema\\\/logo\\\/image\\\/\",\"url\":\"https:\\\/\\\/lafrenchtechitaly.com\\\/wp-content\\\/uploads\\\/2025\\\/12\\\/LOGO_FT_1.png\",\"contentUrl\":\"https:\\\/\\\/lafrenchtechitaly.com\\\/wp-content\\\/uploads\\\/2025\\\/12\\\/LOGO_FT_1.png\",\"width\":351,\"height\":121,\"caption\":\"La French Tech Italy\"},\"image\":{\"@id\":\"https:\\\/\\\/lafrenchtechitaly.com\\\/#\\\/schema\\\/logo\\\/image\\\/\"},\"sameAs\":[\"https:\\\/\\\/www.linkedin.com\\\/company\\\/la-french-tech-italy\\\/\"]},{\"@type\":\"Person\",\"@id\":\"https:\\\/\\\/lafrenchtechitaly.com\\\/#\\\/schema\\\/person\\\/a6a98e7896abbfea32899e1d70b4a54e\",\"name\":\"La French Tech Italy\",\"image\":{\"@type\":\"ImageObject\",\"inLanguage\":\"it-IT\",\"@id\":\"https:\\\/\\\/secure.gravatar.com\\\/avatar\\\/45b0b04d00f46a783ee320d1dcabec584c03a098467fd085fd45a3aad1769f6e?s=96&d=mm&r=g\",\"url\":\"https:\\\/\\\/secure.gravatar.com\\\/avatar\\\/45b0b04d00f46a783ee320d1dcabec584c03a098467fd085fd45a3aad1769f6e?s=96&d=mm&r=g\",\"contentUrl\":\"https:\\\/\\\/secure.gravatar.com\\\/avatar\\\/45b0b04d00f46a783ee320d1dcabec584c03a098467fd085fd45a3aad1769f6e?s=96&d=mm&r=g\",\"caption\":\"La French Tech Italy\"},\"sameAs\":[\"https:\\\/\\\/lafrenchtechitaly.com\"],\"url\":\"https:\\\/\\\/lafrenchtechitaly.com\\\/it\\\/author\\\/admin2042\\\/\"}]}<\/script>\n<!-- \/ Yoast SEO plugin. -->","yoast_head_json":{"title":"French Tech Milano diventa La French Tech Italia - Un nuovo passo per l'ecosistema tecnologico","description":"Scoprite come French Tech Milano si sta evolvendo in French Tech Italia, segnando una nuova fase per l'ecosistema tecnologico franco-italiano. Per saperne di pi\u00f9, cliccate qui.","robots":{"index":"index","follow":"follow","max-snippet":"max-snippet:-1","max-image-preview":"max-image-preview:large","max-video-preview":"max-video-preview:-1"},"canonical":"https:\/\/lafrenchtechitaly.com\/it\/french-tech-milano-diventa-french-tech-italy-un-nuovo-palcoscenico-per-il-techcosystem-franco-italiano\/","og_locale":"it_IT","og_type":"article","og_title":"French Tech Milan devient La French Tech Italy \u2013 Nouvelle \u00e9tape pour l\u2019\u00e9cosyst\u00e8me tech","og_description":"D\u00e9couvrez comment French Tech Milan \u00e9volue en French Tech Italy, marquant une nouvelle phase pour l\u2019\u00e9cosyst\u00e8me tech franco-italien. En savoir plus.","og_url":"https:\/\/lafrenchtechitaly.com\/it\/french-tech-milano-diventa-french-tech-italy-un-nuovo-palcoscenico-per-il-techcosystem-franco-italiano\/","og_site_name":"La French Tech Italy","article_published_time":"2023-07-17T15:10:48+00:00","article_modified_time":"2025-12-09T13:25:42+00:00","og_image":[{"width":1500,"height":926,"url":"https:\/\/lafrenchtechitaly.com\/wp-content\/uploads\/2023\/07\/French_Tech_Italy_Event_3.jpg","type":"image\/jpeg"}],"author":"La French Tech Italy","twitter_card":"summary_large_image","twitter_misc":{"Scritto da":"La French Tech Italy","Tempo di lettura stimato":"4 minuti"},"schema":{"@context":"https:\/\/schema.org","@graph":[{"@type":"Article","@id":"https:\/\/lafrenchtechitaly.com\/la-french-tech-milan-devient-la-french-tech-italy-une-nouvelle-etape-pour-lecosysteme-tech-franco-italien\/#article","isPartOf":{"@id":"https:\/\/lafrenchtechitaly.com\/la-french-tech-milan-devient-la-french-tech-italy-une-nouvelle-etape-pour-lecosysteme-tech-franco-italien\/"},"author":{"name":"La French Tech Italy","@id":"https:\/\/lafrenchtechitaly.com\/#\/schema\/person\/a6a98e7896abbfea32899e1d70b4a54e"},"headline":"La French Tech Milan devient la French Tech Italy : une nouvelle \u00e9tape pour l\u2019\u00e9cosyst\u00e8me Tech franco-italien","datePublished":"2023-07-17T15:10:48+00:00","dateModified":"2025-12-09T13:25:42+00:00","mainEntityOfPage":{"@id":"https:\/\/lafrenchtechitaly.com\/la-french-tech-milan-devient-la-french-tech-italy-une-nouvelle-etape-pour-lecosysteme-tech-franco-italien\/"},"wordCount":768,"commentCount":1,"publisher":{"@id":"https:\/\/lafrenchtechitaly.com\/#organization"},"image":{"@id":"https:\/\/lafrenchtechitaly.com\/la-french-tech-milan-devient-la-french-tech-italy-une-nouvelle-etape-pour-lecosysteme-tech-franco-italien\/#primaryimage"},"thumbnailUrl":"https:\/\/lafrenchtechitaly.com\/wp-content\/uploads\/2023\/07\/French_Tech_Italy_Event_3.jpg","articleSection":["Actualit\u00e9s"],"inLanguage":"it-IT","potentialAction":[{"@type":"CommentAction","name":"Comment","target":["https:\/\/lafrenchtechitaly.com\/la-french-tech-milan-devient-la-french-tech-italy-une-nouvelle-etape-pour-lecosysteme-tech-franco-italien\/#respond"]}]},{"@type":"WebPage","@id":"https:\/\/lafrenchtechitaly.com\/la-french-tech-milan-devient-la-french-tech-italy-une-nouvelle-etape-pour-lecosysteme-tech-franco-italien\/","url":"https:\/\/lafrenchtechitaly.com\/la-french-tech-milan-devient-la-french-tech-italy-une-nouvelle-etape-pour-lecosysteme-tech-franco-italien\/","name":"French Tech Milano diventa La French Tech Italia - Un nuovo passo per l'ecosistema tecnologico","isPartOf":{"@id":"https:\/\/lafrenchtechitaly.com\/#website"},"primaryImageOfPage":{"@id":"https:\/\/lafrenchtechitaly.com\/la-french-tech-milan-devient-la-french-tech-italy-une-nouvelle-etape-pour-lecosysteme-tech-franco-italien\/#primaryimage"},"image":{"@id":"https:\/\/lafrenchtechitaly.com\/la-french-tech-milan-devient-la-french-tech-italy-une-nouvelle-etape-pour-lecosysteme-tech-franco-italien\/#primaryimage"},"thumbnailUrl":"https:\/\/lafrenchtechitaly.com\/wp-content\/uploads\/2023\/07\/French_Tech_Italy_Event_3.jpg","datePublished":"2023-07-17T15:10:48+00:00","dateModified":"2025-12-09T13:25:42+00:00","description":"Scoprite come French Tech Milano si sta evolvendo in French Tech Italia, segnando una nuova fase per l'ecosistema tecnologico franco-italiano. Per saperne di pi\u00f9, cliccate qui.","breadcrumb":{"@id":"https:\/\/lafrenchtechitaly.com\/la-french-tech-milan-devient-la-french-tech-italy-une-nouvelle-etape-pour-lecosysteme-tech-franco-italien\/#breadcrumb"},"inLanguage":"it-IT","potentialAction":[{"@type":"ReadAction","target":["https:\/\/lafrenchtechitaly.com\/la-french-tech-milan-devient-la-french-tech-italy-une-nouvelle-etape-pour-lecosysteme-tech-franco-italien\/"]}]},{"@type":"ImageObject","inLanguage":"it-IT","@id":"https:\/\/lafrenchtechitaly.com\/la-french-tech-milan-devient-la-french-tech-italy-une-nouvelle-etape-pour-lecosysteme-tech-franco-italien\/#primaryimage","url":"https:\/\/lafrenchtechitaly.com\/wp-content\/uploads\/2023\/07\/French_Tech_Italy_Event_3.jpg","contentUrl":"https:\/\/lafrenchtechitaly.com\/wp-content\/uploads\/2023\/07\/French_Tech_Italy_Event_3.jpg","width":1500,"height":926},{"@type":"BreadcrumbList","@id":"https:\/\/lafrenchtechitaly.com\/la-french-tech-milan-devient-la-french-tech-italy-une-nouvelle-etape-pour-lecosysteme-tech-franco-italien\/#breadcrumb","itemListElement":[{"@type":"ListItem","position":1,"name":"Accueil","item":"https:\/\/lafrenchtechitaly.com\/"},{"@type":"ListItem","position":2,"name":"La French Tech Milan devient la French Tech Italy : une nouvelle \u00e9tape pour l\u2019\u00e9cosyst\u00e8me Tech franco-italien"}]},{"@type":"WebSite","@id":"https:\/\/lafrenchtechitaly.com\/#website","url":"https:\/\/lafrenchtechitaly.com\/","name":"La French Tech Italy","description":"La rete tecnologica che unisce Francia e Italia","publisher":{"@id":"https:\/\/lafrenchtechitaly.com\/#organization"},"potentialAction":[{"@type":"SearchAction","target":{"@type":"EntryPoint","urlTemplate":"https:\/\/lafrenchtechitaly.com\/?s={search_term_string}"},"query-input":{"@type":"PropertyValueSpecification","valueRequired":true,"valueName":"search_term_string"}}],"inLanguage":"it-IT"},{"@type":"Organization","@id":"https:\/\/lafrenchtechitaly.com\/#organization","name":"La French Tech Italy","url":"https:\/\/lafrenchtechitaly.com\/","logo":{"@type":"ImageObject","inLanguage":"it-IT","@id":"https:\/\/lafrenchtechitaly.com\/#\/schema\/logo\/image\/","url":"https:\/\/lafrenchtechitaly.com\/wp-content\/uploads\/2025\/12\/LOGO_FT_1.png","contentUrl":"https:\/\/lafrenchtechitaly.com\/wp-content\/uploads\/2025\/12\/LOGO_FT_1.png","width":351,"height":121,"caption":"La French Tech Italy"},"image":{"@id":"https:\/\/lafrenchtechitaly.com\/#\/schema\/logo\/image\/"},"sameAs":["https:\/\/www.linkedin.com\/company\/la-french-tech-italy\/"]},{"@type":"Person","@id":"https:\/\/lafrenchtechitaly.com\/#\/schema\/person\/a6a98e7896abbfea32899e1d70b4a54e","name":"La French Tech Italy","image":{"@type":"ImageObject","inLanguage":"it-IT","@id":"https:\/\/secure.gravatar.com\/avatar\/45b0b04d00f46a783ee320d1dcabec584c03a098467fd085fd45a3aad1769f6e?s=96&d=mm&r=g","url":"https:\/\/secure.gravatar.com\/avatar\/45b0b04d00f46a783ee320d1dcabec584c03a098467fd085fd45a3aad1769f6e?s=96&d=mm&r=g","contentUrl":"https:\/\/secure.gravatar.com\/avatar\/45b0b04d00f46a783ee320d1dcabec584c03a098467fd085fd45a3aad1769f6e?s=96&d=mm&r=g","caption":"La French Tech Italy"},"sameAs":["https:\/\/lafrenchtechitaly.com"],"url":"https:\/\/lafrenchtechitaly.com\/it\/author\/admin2042\/"}]}},"_links":{"self":[{"href":"https:\/\/lafrenchtechitaly.com\/it\/wp-json\/wp\/v2\/posts\/7027","targetHints":{"allow":["GET"]}}],"collection":[{"href":"https:\/\/lafrenchtechitaly.com\/it\/wp-json\/wp\/v2\/posts"}],"about":[{"href":"https:\/\/lafrenchtechitaly.com\/it\/wp-json\/wp\/v2\/types\/post"}],"author":[{"embeddable":true,"href":"https:\/\/lafrenchtechitaly.com\/it\/wp-json\/wp\/v2\/users\/1"}],"replies":[{"embeddable":true,"href":"https:\/\/lafrenchtechitaly.com\/it\/wp-json\/wp\/v2\/comments?post=7027"}],"version-history":[{"count":11,"href":"https:\/\/lafrenchtechitaly.com\/it\/wp-json\/wp\/v2\/posts\/7027\/revisions"}],"predecessor-version":[{"id":988284,"href":"https:\/\/lafrenchtechitaly.com\/it\/wp-json\/wp\/v2\/posts\/7027\/revisions\/988284"}],"wp:featuredmedia":[{"embeddable":true,"href":"https:\/\/lafrenchtechitaly.com\/it\/wp-json\/wp\/v2\/media\/988273"}],"wp:attachment":[{"href":"https:\/\/lafrenchtechitaly.com\/it\/wp-json\/wp\/v2\/media?parent=7027"}],"wp:term":[{"taxonomy":"category","embeddable":true,"href":"https:\/\/lafrenchtechitaly.com\/it\/wp-json\/wp\/v2\/categories?post=7027"},{"taxonomy":"post_tag","embeddable":true,"href":"https:\/\/lafrenchtechitaly.com\/it\/wp-json\/wp\/v2\/tags?post=7027"}],"curies":[{"name":"wp","href":"https:\/\/api.w.org\/{rel}","templated":true}]}}